{"id":1573,"date":"2019-04-09T22:34:13","date_gmt":"2019-04-09T20:34:13","guid":{"rendered":"http:\/\/apmanagement.eu\/it\/?p=1573"},"modified":"2026-04-29T11:02:06","modified_gmt":"2026-04-29T09:02:06","slug":"massimiliano-caldi","status":"publish","type":"post","link":"https:\/\/apmanagement.eu\/it\/massimiliano-caldi\/","title":{"rendered":"Massimiliano Caldi"},"content":{"rendered":"<p>[et_pb_section fb_built=&#8221;1&#8243; fullwidth=&#8221;on&#8221; _builder_version=&#8221;4.16&#8243; global_colors_info=&#8221;{}&#8221;][et_pb_fullwidth_header title=&#8221;DIRETTORI&#8221; _builder_version=&#8221;4.16&#8243; title_font=&#8221;Cinzel||||||||&#8221; title_text_align=&#8221;center&#8221; title_font_size=&#8221;55px&#8221; background_color=&#8221;rgba(196,196,196,0)&#8221; background_image=&#8221;https:\/\/apmanagement.eu\/it\/wp-content\/uploads\/2018\/08\/cropped-BatonScore4.jpg&#8221; global_colors_info=&#8221;{}&#8221;][\/et_pb_fullwidth_header][\/et_pb_section][et_pb_section fb_built=&#8221;1&#8243; _builder_version=&#8221;4.16&#8243; global_colors_info=&#8221;{}&#8221;][et_pb_row _builder_version=&#8221;4.16&#8243; background_size=&#8221;initial&#8221; background_position=&#8221;top_left&#8221; background_repeat=&#8221;repeat&#8221; global_colors_info=&#8221;{}&#8221;][et_pb_column type=&#8221;4_4&#8243; _builder_version=&#8221;4.16&#8243; custom_padding=&#8221;|||&#8221; global_colors_info=&#8221;{}&#8221; custom_padding__hover=&#8221;|||&#8221;][et_pb_text _builder_version=&#8221;4.27.4&#8243; text_orientation=&#8221;justified&#8221; hover_enabled=&#8221;0&#8243; global_colors_info=&#8221;{}&#8221; sticky_enabled=&#8221;0&#8243;]<div id=\"attachment_4137\" style=\"width: 580px\" class=\"wp-caption alignleft\"><img loading=\"lazy\" decoding=\"async\" aria-describedby=\"caption-attachment-4137\" class=\"wp-image-4137 \" src=\"https:\/\/apmanagement.eu\/it\/wp-content\/uploads\/2022\/03\/ASMC-dk-1852-1024x683.jpg\" alt=\"\" width=\"570\" height=\"380\" \/><p id=\"caption-attachment-4137\" class=\"wp-caption-text\">@Dariusz Kulesza<\/p><\/div><\/p>\n<h1>Massimiliano Caldi<\/h1>\n<h6><span style=\"color: #808080;\">Direttore d&#8217;orchestra<\/span><\/h6>\n<div class=\"page\" title=\"Page 1\">\n<div class=\"section\">\n<div class=\"layoutArea\">\n<div class=\"column\">\n<p>&nbsp;<\/p>\n<p>Con un&#8217;ampia esperienza sia in campo sinfonico sia operistico, una particolare attenzione rivolta alla musica contemporanea e alla valorizzazione di opere dell\u2019Ottocento uscite dal repertorio e uno stile direttoriale sempre brillante e lineare, Massimiliano Caldi (Milano 1967) si distingue per la sua grande preparazione professionale trasmessagli dai suoi maestri Gallini, Ac\u00e9l, Bellugi, Renzetti, Gatti, Chung e Temirkanov. Il Maestro Caldi \u00e8 amato dalle orchestre per coerenza interpretativa, gusto musicale ma anche per le sue qualit\u00e0 umane.<\/p>\n<p>Tra gli impegni pi\u00f9 recenti nel campo operistico, Caldi ha diretto la Roma Tre Orchestra nell\u2019esecuzione de \u201cL\u2019Elisir d\u2019amore\u201d al Teatro Verdi di Pisa e di \u201cCleopatra\u201d, una nuova produzione operistica, a Roma e Catanzaro. Ha inoltre diretto l\u2019Orchestra Ferruccio Busoni ne \u201cIl cappello di paglia di Firenze\u201d a Empoli. In Polonia ha diretto l\u2019Opera Wroc\u0142awska per le rappresentazioni de \u201cLa Cenerentola\u201d e de \u201cIl flauto magico a Wroc\u0142aw\u201d, con la regia di Micha\u0142 Znaniecki. Sempre nel 2023 e nel 2024, Massimiliano Caldi ha diretto due nuove produzioni operistiche dell\u2019Opera i Filharmonia Podlaska di Bia\u0142ystok: \u201cVia Crucis\u201d di Pawe\u0142 \u0141ukaszewski e \u201cPagliacci\/Cavalleria Rusticana\u201d, presentate insieme per la prima volta in forma scenica nell\u2019edizione originale curata da B\u00e4renreiter e con la regia di Micha\u0142 Znaniecki. Caldi ha inoltre diretto la Baltic Opera di Danzica per il debutto di \u201cDon Bucefalo\u201d. Inoltre, \u00e8 stato regolarmente invitato al Festival Internazionale \u201cMozartiana\u201d di Danzica\/Oliwa, dove dirige la Baltic Philharmonic \u201cF. Chopin\u201d dal 2012.<\/p>\n<p>Nel campo sinfonico, tra gli impegni pi\u00f9 importanti degli ultimi anni, si possono citare i concerti alla guida della Polska Filharmonia Ba\u0142tycka, della Filharmonia Koszali\u0144ska, de I Virtuosi del Teatro alla Scala al Festival di Pasqua L. v. Beethoven e al Teatro alla Scala, il debutto al Teatro La Fenice di Venezia e quello al Teatro Petruzzelli di Bari (alla guida delle rispettive orchestre), I Virtuosi Italiani a Verona; all\u2019estero \u00e8 stato a Dubai, in Turchia con la Izmir State Symphony Orchestra, a Skopje con l\u2019Orchestra Filarmonica della Macedonia del Nord, in Romania con l\u2019Orchestra Filarmonica di Stato di Sibiu.<\/p>\n<p>Vincitore del primo premio assoluto del Concorso \u201cG. Fitelberg\u201d (1999), ha ricoperto la carica di Direttore Principale della Filarmonica dei Precarpazi \u201cA. Malawski\u201d di Rzesz\u00f3w dal 2017 al 2022.<\/p>\n<p>E\u2019 stato inoltre Primo Direttore Ospite della Filarmonica Polacca Baltica \u201cF. Chopin\u201d di Gda\u0144sk (Danzica) (2012-2020), Direttore Principale e Consulente Artistico della Filarmonica \u201cS. Moniuszko\u201d di Koszalin (2014-2017), Direttore Artistico dell\u2019Orchestra da Camera Slesiana di Katowice (2006-2010) e Direttore Principale dell\u2019Orchestra da Camera Milano Classica (1998-2009).<\/p>\n<p>In Italia ha collaborato con il Maggio Musicale Fiorentino, Teatro Regio di Torino, Teatro Massimo di Palermo, Teatro Filarmonico di Verona, e con orchestre importanti quali Orchestra Sinfonica Nazionale della Rai di Torino, Orchestra di Padova e del Veneto, Orchestra Sinfonica della Citt\u00e0 Metropolitana di Bari, Orchestra Sinfonica Siciliana, Orchestra della Fondazione &#8220;Arturo Toscanini&#8221; di Parma, Filarmonica Marchigiana, Orchestra Sinfonica Giovanile del Piemonte, Orchestra Filarmonica del Teatro Comunale di Bologna, Orchestra Sinfonica di Sanremo, Orchestra Regionale di Roma e del Lazio, Orchestra Filarmonica di Torino, Orchestra della &#8220;Istituzione Sinfonica Abruzzese&#8221;, Orchestra &#8220;Filarmonia Veneta&#8221;, Orchestra del Friuli Venezia Giulia, Roma Tre Orchestra.<\/p>\n<p>In Polonia dirige regolarmente concerti presso le pi\u00f9 importanti Filarmoniche, in alcuni teatri d&#8217;opera (Teatro Grande di Pozna\u0144 e Opera Baltica di Danzica) e nell&#8217;ambito dei principali festival polacchi. Si \u00e8 esibito inoltre con la &#8220;Sinfonia Varsovia&#8221;, con l&#8217;Orchestra Sinfonica della Radio Polacca e l&#8217;Orchestra &#8220;Sinfonia Iuventus&#8221; di Varsavia, l&#8217;Orchestra giovanile dell&#8217;Accademia Beethoven di Cracovia, l&#8217;Orchestra Sinfonica Nazionale della Radio Polacca di Katowice, l&#8217;Orchestra Filarmonica &#8220;K. Szymanowski&#8221; di Cracovia, l&#8217;Orchestra Filarmonica &#8220;A. Rubinstein&#8221; di Lodz e l&#8217;Orchestra Sinfonica Filarmonica &#8220;M. Karlowicz&#8221; di Stettino.<\/p>\n<p>In campo discografico, con la direzione di Massimiliano Caldi, \u00e8 uscito per Acte Pr\u00e9alable il CD Raul Koczalski \u2013 Piano concertos (gennaio 2018) e per Sony Classical il CD Mario Castelnuovo-Tedesco, Gian Francesco Malipiero, Riccardo Malipiero Cello concertos sul podio dell\u2019Orchestra Nazionale della RAI di Torino (aprile 2018). Per Dynamic ha pubblicato anche Don Bucefalo di Antonio Cagnoni e Salom\u00e8 di Richard Strauss.<\/p>\n<p>Massimiliano Caldi, unico italiano nel 2018, vince il premio Gazzetta Italia per essersi distinto, in campo sinfonico e operistico, nella promozione della musica italiana in Polonia e di quella polacca in Italia.<\/p>\n<p>A gennaio 2021 presso l&#8217;Universit\u00e0 Musicale &#8220;F. Chopin&#8221; di Varsavia, il Maestro Caldi ha discusso, e conseguito a pieni voti, la sua tesi di Dottorato dal t i tolo &#8220;Cavalleria Rusticana di Pietro Mascagni: fedelt\u00e0 al testo o tradizione esecutiva?&#8221;, su cui aveva lavorato nei precedenti 3 anni, consultando tra l&#8217;altro i manoscritti presenti al Conservatorio &#8220;S. Cecilia&#8221; di Roma e alla Stanford University Music Library in California.<\/p>\n<p>L&#8217;esperienza come docente di direzione d&#8217;orchestra \u00e8 ripresa recentemente nel 2022 presso il Conservatorio &#8220;B. Marcello&#8221; di Venezia, nel 2023 presso il Conservatorio &#8220;N. Sala&#8221; di Benevento e nel 2024 presso il Conservatorio \u201cN. Rota\u201d di Monopoli.<\/p>\n<\/div>\n<\/div>\n<\/div>\n<\/div>\n<div class=\"page\" title=\"Page 2\">\n<div class=\"section\">\n<div class=\"layoutArea\">\n<div class=\"column\">\n<p>&nbsp;<\/p>\n<p style=\"text-align: center;\"><em><strong>Questa biografa non puo\u0300 essere modificata senza permesso<\/strong><\/em><\/p>\n<p>&nbsp;<\/p>\n<\/div>\n<\/div>\n<\/div>\n<\/div>\n<p><strong>GENERAL MANAGEMENT<\/strong><br \/>APM &#8211; Alessandro Panetto Management<br \/>tel.\/fax: 0444 970612<br \/>Email: <a href=\"mailto:alessandro@apmanagement.eu\">alessandro@apmanagement.eu<\/a><br \/>Web: <a href=\"https:\/\/apmanagement.eu\/it\">www.apmanagement.eu<\/a><\/p>\n<p>&nbsp;<\/p>\n<div class='one_half'>\n\t\t\t\t\t<p style=\"text-align: center;\">Scarica <a href=\"https:\/\/apmanagement.eu\/it\/wp-content\/uploads\/2026\/04\/Massimiliano-Caldi_ITA_2026.pdf\">Biografia Massimiliano Caldi in PDF<\/a><\/p>\n<p>&nbsp;<\/p>\n\t\t\t\t<\/div><div class='one_half et_column_last'>\n\t\t\t\t\t<p style=\"text-align: center;\">Scopri di pi\u00f9 qui <a href=\"https:\/\/massimilianocaldi.com\/\">www.massimilianocaldi.com<\/a><\/p>\n\t\t\t\t<\/div><div class='clear'><\/div><\/p>\n<p>&nbsp;<\/p>\n<p>&nbsp;<\/p>\n<p>[\/et_pb_text][\/et_pb_column][\/et_pb_row][et_pb_row column_structure=&#8221;1_2,1_2&#8243; _builder_version=&#8221;4.16&#8243; global_colors_info=&#8221;{}&#8221;][et_pb_column type=&#8221;1_2&#8243; _builder_version=&#8221;4.16&#8243; custom_padding=&#8221;|||&#8221; global_colors_info=&#8221;{}&#8221; custom_padding__hover=&#8221;|||&#8221;][et_pb_button button_url=&#8221;https:\/\/apmanagement.eu\/it\/massimiliano-caldi-video-gallery\/&#8221; button_text=&#8221;VIDEO GALLERY&#8221; button_alignment=&#8221;right&#8221; admin_label=&#8221;VID GAL&#8221; _builder_version=&#8221;4.16&#8243; custom_button=&#8221;on&#8221; button_text_color=&#8221;#b5aba1&#8243; button_border_color=&#8221;#6e6760&#8243; button_icon_color=&#8221;#6e6760&#8243; global_colors_info=&#8221;{}&#8221;][\/et_pb_button][\/et_pb_column][et_pb_column type=&#8221;1_2&#8243; _builder_version=&#8221;4.16&#8243; custom_padding=&#8221;|||&#8221; global_colors_info=&#8221;{}&#8221; custom_padding__hover=&#8221;|||&#8221;][et_pb_button button_url=&#8221;https:\/\/apmanagement.eu\/it\/massimiliano-caldi-picture-gallery\/&#8221; url_new_window=&#8221;on&#8221; button_text=&#8221;FOTO GALLERY&#8221; button_alignment=&#8221;left&#8221; admin_label=&#8221;PIC GAL&#8221; _builder_version=&#8221;4.16&#8243; custom_button=&#8221;on&#8221; button_text_color=&#8221;#b5aba1&#8243; button_border_color=&#8221;#6e6760&#8243; button_icon_color=&#8221;#6e6760&#8243; global_colors_info=&#8221;{}&#8221;][\/et_pb_button][\/et_pb_column][\/et_pb_row][et_pb_row _builder_version=&#8221;4.16&#8243; global_colors_info=&#8221;{}&#8221;][et_pb_column type=&#8221;4_4&#8243; _builder_version=&#8221;4.16&#8243; custom_padding=&#8221;|||&#8221; global_colors_info=&#8221;{}&#8221; custom_padding__hover=&#8221;|||&#8221;][et_pb_text admin_label=&#8221;Calendario&#8221; _builder_version=&#8221;4.16&#8243; global_colors_info=&#8221;{}&#8221;]<\/p>\n<p><code><\/p>\n\n<p><\/code><\/p>\n<p>[\/et_pb_text][\/et_pb_column][\/et_pb_row][\/et_pb_section]<\/p>\n","protected":false},"excerpt":{"rendered":"<p>Diplomato in pianoforte, composizione e direzione d\u2019orchestra, con un&#8217;ampia esperienza internazionale sia in campo sinfonico che operistico, nell&#8217;operetta e nel balletto, una particolare attenzione rivolta alla musica contemporanea e alla valorizzazione di opere dell\u2019Ottocento&#8230;<\/p>\n","protected":false},"author":1,"featured_media":4134,"comment_status":"closed","ping_status":"closed","sticky":false,"template":"","format":"standard","meta":{"_et_pb_use_builder":"on","_et_pb_old_content":"","_et_gb_content_width":"","footnotes":""},"categories":[16,67],"tags":[],"class_list":["post-1573","post","type-post","status-publish","format-standard","has-post-thumbnail","hentry","category-conductors","category-massimiliano-caldi"],"_links":{"self":[{"href":"https:\/\/apmanagement.eu\/it\/wp-json\/wp\/v2\/posts\/1573","targetHints":{"allow":["GET"]}}],"collection":[{"href":"https:\/\/apmanagement.eu\/it\/wp-json\/wp\/v2\/posts"}],"about":[{"href":"https:\/\/apmanagement.eu\/it\/wp-json\/wp\/v2\/types\/post"}],"author":[{"embeddable":true,"href":"https:\/\/apmanagement.eu\/it\/wp-json\/wp\/v2\/users\/1"}],"replies":[{"embeddable":true,"href":"https:\/\/apmanagement.eu\/it\/wp-json\/wp\/v2\/comments?post=1573"}],"version-history":[{"count":49,"href":"https:\/\/apmanagement.eu\/it\/wp-json\/wp\/v2\/posts\/1573\/revisions"}],"predecessor-version":[{"id":7772,"href":"https:\/\/apmanagement.eu\/it\/wp-json\/wp\/v2\/posts\/1573\/revisions\/7772"}],"wp:featuredmedia":[{"embeddable":true,"href":"https:\/\/apmanagement.eu\/it\/wp-json\/wp\/v2\/media\/4134"}],"wp:attachment":[{"href":"https:\/\/apmanagement.eu\/it\/wp-json\/wp\/v2\/media?parent=1573"}],"wp:term":[{"taxonomy":"category","embeddable":true,"href":"https:\/\/apmanagement.eu\/it\/wp-json\/wp\/v2\/categories?post=1573"},{"taxonomy":"post_tag","embeddable":true,"href":"https:\/\/apmanagement.eu\/it\/wp-json\/wp\/v2\/tags?post=1573"}],"curies":[{"name":"wp","href":"https:\/\/api.w.org\/{rel}","templated":true}]}}