{"id":2632,"date":"2019-09-24T12:52:53","date_gmt":"2019-09-24T10:52:53","guid":{"rendered":"http:\/\/apmanagement.eu\/it\/?p=2632"},"modified":"2019-09-24T12:57:41","modified_gmt":"2019-09-24T10:57:41","slug":"apm-accoglie-leif-segerstam-2020","status":"publish","type":"post","link":"https:\/\/apmanagement.eu\/it\/apm-accoglie-leif-segerstam-2020\/","title":{"rendered":"APM accoglie Leif Segerstam per nuove collaborazioni nel 2020"},"content":{"rendered":"<p>[et_pb_section fb_built=&#8221;1&#8243; _builder_version=&#8221;3.22.3&#8243;][et_pb_row _builder_version=&#8221;3.22.3&#8243; background_size=&#8221;initial&#8221; background_position=&#8221;top_left&#8221; background_repeat=&#8221;repeat&#8221;][et_pb_column type=&#8221;4_4&#8243; _builder_version=&#8221;3.0.47&#8243;][et_pb_text _builder_version=&#8221;3.22.7&#8243; header_line_height=&#8221;2em&#8221; saved_tabs=&#8221;all&#8221;]<\/p>\n<h5>APM \u00e8 onorata di annunciare una nuova collaborazione con il Maestro Leif Segerstam.<\/h5>\n<p>Siamo fiduciosi di creare una lunga e proficua collaborazione con un artista con cui siamo elettrizzati all&#8217;idea di lavorare insieme.<\/p>\n<p>Il Maestro Segerstam, direttore, compositore, violinista e pianista, \u00e8 uno dei pi\u00f9 versatili talenti musicali dei paesi nordici in Europa. Si esibisce regolarmente come direttore ospite con le maggiori orchestre sinfoniche in tutto il mondo. A renderlo famoso ovunque \u00e8 stata soprattutto la sua enorme attivit\u00e0 compositiva, la quale comprende pi\u00f9 di 300 sinfonie, concerti per violino, pianoforte e altri strumenti e molta musica da camera e vocale.<\/p>\n<p>Alcune collaborazioni sono gi\u00e0 state definite e avranno luogo nei prossimi mesi con la <a href=\"http:\/\/www.idso.gov.tr\/\" target=\"_blank\" rel=\"noopener noreferrer\"><span class=\"s1\">Istanbul State Symphony Orchestra<\/span><\/a> e la <a href=\"https:\/\/filarmonica.art.br\/en\/\" target=\"_blank\" rel=\"noopener noreferrer\"><span class=\"s1\">Orquestra Filarm<\/span><span class=\"s2\">\u00f4nica de Minas Gerais in Brasil.<\/span><\/a><\/p>\n<p>[\/et_pb_text][\/et_pb_column][\/et_pb_row][et_pb_row _builder_version=&#8221;3.22.3&#8243; background_size=&#8221;initial&#8221; background_position=&#8221;top_left&#8221; background_repeat=&#8221;repeat&#8221;][et_pb_column type=&#8221;1_2&#8243; _builder_version=&#8221;3.0.47&#8243;][et_pb_team_member name=&#8221;Maestro Leif Segerstam&#8221; position=&#8221;Direttore, compositore, musicista (violino e pianoforte)&#8221; facebook_url=&#8221;https:\/\/www.facebook.com\/Leif-Segerstam-904172316359129\/&#8221; _builder_version=&#8221;3.22.7&#8243; text_orientation=&#8221;center&#8221;][\/et_pb_team_member][\/et_pb_column][et_pb_column type=&#8221;1_2&#8243; _builder_version=&#8221;3.0.47&#8243;][et_pb_gallery gallery_ids=&#8221;2628,2630,2625&#8243; fullwidth=&#8221;on&#8221; _builder_version=&#8221;3.22.7&#8243;][\/et_pb_gallery][\/et_pb_column][\/et_pb_row][\/et_pb_section]<\/p>\n","protected":false},"excerpt":{"rendered":"<p>APM \u00e8 onorata di annunciare una nuova collaborazione con il Maestro Leif Segerstam. Siamo fiduciosi di creare una lunga e proficua collaborazione con un artista con cui siamo elettrizzati all&#8217;idea di lavorare insieme.<\/p>\n","protected":false},"author":2,"featured_media":2630,"comment_status":"closed","ping_status":"closed","sticky":false,"template":"","format":"standard","meta":{"_et_pb_use_builder":"on","_et_pb_old_content":"<h5>APM \u00e8 onorata di annunciare una nuova collaborazione con il Maestro Leif Segerstam.<\/h5><p>Siamo fiduciosi di creare una lunga e proficua collaborazione con un artista con cui siamo elettrizzati all'idea di lavorare insieme.<\/p><p>Il Maestro Segerstam, direttore, compositore, violinista e pianista, \u00e8 uno dei pi\u00f9 versatili talenti musicali dei paesi nordici in Europa. Si esibisce regolarmente come direttore ospite con le maggiori orchestre sinfoniche in tutto il mondo. A renderlo famoso ovunque \u00e8 stata soprattutto la sua enorme attivit\u00e0 compositiva, la quale comprende pi\u00f9 di 300 sinfonie, concerti per violino, pianoforte e altri strumenti e molta musica da camera e vocale.<\/p><p>Alcune collaborazioni sono gi\u00e0 state definite e avranno luogo nei prossimi mesi con la <a href=\"http:\/\/www.idso.gov.tr\/\" target=\"_blank\" rel=\"noopener noreferrer\"><span class=\"s1\">Istanbul State Symphony Orchestra<\/span><\/a> e la <a href=\"https:\/\/filarmonica.art.br\/en\/\" target=\"_blank\" rel=\"noopener noreferrer\"><span class=\"s1\">Orquestra Filarm<\/span><span class=\"s2\">\u00f4nica de Minas Gerais in Brasil.<\/span><\/a><\/p><p>\u00a0<\/p>","_et_gb_content_width":"","footnotes":""},"categories":[81],"tags":[],"class_list":["post-2632","post","type-post","status-publish","format-standard","has-post-thumbnail","hentry","category-news"],"_links":{"self":[{"href":"https:\/\/apmanagement.eu\/it\/wp-json\/wp\/v2\/posts\/2632","targetHints":{"allow":["GET"]}}],"collection":[{"href":"https:\/\/apmanagement.eu\/it\/wp-json\/wp\/v2\/posts"}],"about":[{"href":"https:\/\/apmanagement.eu\/it\/wp-json\/wp\/v2\/types\/post"}],"author":[{"embeddable":true,"href":"https:\/\/apmanagement.eu\/it\/wp-json\/wp\/v2\/users\/2"}],"replies":[{"embeddable":true,"href":"https:\/\/apmanagement.eu\/it\/wp-json\/wp\/v2\/comments?post=2632"}],"version-history":[{"count":5,"href":"https:\/\/apmanagement.eu\/it\/wp-json\/wp\/v2\/posts\/2632\/revisions"}],"predecessor-version":[{"id":2639,"href":"https:\/\/apmanagement.eu\/it\/wp-json\/wp\/v2\/posts\/2632\/revisions\/2639"}],"wp:featuredmedia":[{"embeddable":true,"href":"https:\/\/apmanagement.eu\/it\/wp-json\/wp\/v2\/media\/2630"}],"wp:attachment":[{"href":"https:\/\/apmanagement.eu\/it\/wp-json\/wp\/v2\/media?parent=2632"}],"wp:term":[{"taxonomy":"category","embeddable":true,"href":"https:\/\/apmanagement.eu\/it\/wp-json\/wp\/v2\/categories?post=2632"},{"taxonomy":"post_tag","embeddable":true,"href":"https:\/\/apmanagement.eu\/it\/wp-json\/wp\/v2\/tags?post=2632"}],"curies":[{"name":"wp","href":"https:\/\/api.w.org\/{rel}","templated":true}]}}