{"id":2823,"date":"2020-01-20T10:44:11","date_gmt":"2020-01-20T09:44:11","guid":{"rendered":"http:\/\/apmanagement.eu\/it\/?p=2823"},"modified":"2025-02-26T09:54:44","modified_gmt":"2025-02-26T08:54:44","slug":"apm-accoglie-vanessa-benelli-mosell-al-suo-roster-per-il-general-management","status":"publish","type":"post","link":"https:\/\/apmanagement.eu\/it\/apm-accoglie-vanessa-benelli-mosell-al-suo-roster-per-il-general-management\/","title":{"rendered":"APM accoglie Vanessa Benelli Mosell nel suo Roster per il General Management!"},"content":{"rendered":"<p>[et_pb_section fb_built=&#8221;1&#8243; _builder_version=&#8221;4.16&#8243; global_colors_info=&#8221;{}&#8221;][et_pb_row _builder_version=&#8221;4.16&#8243; background_size=&#8221;initial&#8221; background_position=&#8221;top_left&#8221; background_repeat=&#8221;repeat&#8221; global_colors_info=&#8221;{}&#8221;][et_pb_column type=&#8221;4_4&#8243; _builder_version=&#8221;4.16&#8243; custom_padding=&#8221;|||&#8221; global_colors_info=&#8221;{}&#8221; custom_padding__hover=&#8221;|||&#8221;][et_pb_text _builder_version=&#8221;4.16&#8243; header_line_height=&#8221;2em&#8221; saved_tabs=&#8221;all&#8221; global_colors_info=&#8221;{}&#8221;]<\/p>\n<p class=\"p1\">Siamo lieti di annunciare il general management per Vanessa Benelli Mosell!<\/p>\n<p><a href=\"https:\/\/apmanagement.eu\/it\/vanessa-benelli-mosell\/\">Vanessa Benelli Mosell<\/a> ha iniziato a suonare il piano all&#8217;et\u00e0 di tre anni e si \u00e8 esibita in pubblico per la prima volta a quattro.<\/p>\n<p>All&#8217;et\u00e0 di sette anni \u00e8 stata eccezionalmente ammessa all&#8217;Accademia Pianistica Internazionale &#8220;Incontri col Maestro&#8221; di Imola. Ha debuttato a New York a undici anni con il pianista Pascal Rog\u00e9, il quale l&#8217;ha poi descritta come <em>&#8220;il pi\u00f9 naturale talento musicale che io abbia mai incontrato in tutta la mia vita&#8221;.<\/em><\/p>\n<p>Attualmente Vanessa si sta imponendo sulla scena musicale internazionale grazie al suo virtuosismo tecnico e alla sua profondit\u00e0 musicale. Il suo carismatico talento e la dote naturale alla leadership la stanno velocemente imponendo come una delle personalit\u00e0 pi\u00f9 interessanti della nuova generazione di giovani direttori d&#8217;orchestra.<\/p>\n<p>Dal 2016 Vanessa \u00e8 una Steinway Artist.<\/p>\n<p class=\"p1\">Per sapere di pi\u00f9 su di lei, consulta la biografia completa <a href=\"https:\/\/apmanagement.eu\/it\/vanessa-benelli-mosell\/\"><span class=\"s1\">qui<\/span><\/a><\/p>\n<p>[\/et_pb_text][\/et_pb_column][\/et_pb_row][et_pb_row _builder_version=&#8221;4.16&#8243; background_size=&#8221;initial&#8221; background_position=&#8221;top_left&#8221; background_repeat=&#8221;repeat&#8221; global_colors_info=&#8221;{}&#8221; column_structure=&#8221;1_2,1_2&#8243;][et_pb_column type=&#8221;1_2&#8243; _builder_version=&#8221;4.16&#8243; custom_padding=&#8221;|||&#8221; global_colors_info=&#8221;{}&#8221; custom_padding__hover=&#8221;|||&#8221;][et_pb_team_member name=&#8221;Vanessa Benelli Mosell&#8221; position=&#8221;Pianista&#8221; facebook_url=&#8221;https:\/\/www.facebook.com\/vanessa.mosell\/&#8221; twitter_url=&#8221;https:\/\/twitter.com\/vbenellimosell&#8221; _builder_version=&#8221;4.16&#8243; text_orientation=&#8221;center&#8221; global_colors_info=&#8221;{}&#8221;][\/et_pb_team_member][et_pb_testimonial author=&#8221;The Guardian&#8221; quote_icon=&#8221;off&#8221; _builder_version=&#8221;4.16&#8243; global_colors_info=&#8221;{}&#8221;]<\/p>\n<p style=\"text-align: center;\"><em>\u201cPowerful, emotional, romantic and dramatic, she sweeps us along in a dazzling display of assured technique.\u201d\u00a0<\/em><\/p>\n<p>[\/et_pb_testimonial][\/et_pb_column][et_pb_column type=&#8221;1_2&#8243; _builder_version=&#8221;4.16&#8243; custom_padding=&#8221;|||&#8221; global_colors_info=&#8221;{}&#8221; custom_padding__hover=&#8221;|||&#8221;][et_pb_gallery gallery_ids=&#8221;2771&#8243; fullwidth=&#8221;on&#8221; _builder_version=&#8221;4.16&#8243; global_colors_info=&#8221;{}&#8221;][\/et_pb_gallery][\/et_pb_column][\/et_pb_row][\/et_pb_section]<\/p>\n","protected":false},"excerpt":{"rendered":"<p>Siamo lieti di annunciare il general management per Vanessa Benelli Mosell! Vanessa Benelli Mosell ha iniziato a suonare il piano all&#8217;et\u00e0 di tre anni e si \u00e8 esibita in pubblico per la prima volta a quattro. All&#8217;et\u00e0 di sette anni \u00e8 stata&#8230;<\/p>\n","protected":false},"author":2,"featured_media":6603,"comment_status":"closed","ping_status":"closed","sticky":false,"template":"","format":"standard","meta":{"_et_pb_use_builder":"on","_et_pb_old_content":"","_et_gb_content_width":"","footnotes":""},"categories":[81],"tags":[],"class_list":["post-2823","post","type-post","status-publish","format-standard","has-post-thumbnail","hentry","category-news"],"_links":{"self":[{"href":"https:\/\/apmanagement.eu\/it\/wp-json\/wp\/v2\/posts\/2823","targetHints":{"allow":["GET"]}}],"collection":[{"href":"https:\/\/apmanagement.eu\/it\/wp-json\/wp\/v2\/posts"}],"about":[{"href":"https:\/\/apmanagement.eu\/it\/wp-json\/wp\/v2\/types\/post"}],"author":[{"embeddable":true,"href":"https:\/\/apmanagement.eu\/it\/wp-json\/wp\/v2\/users\/2"}],"replies":[{"embeddable":true,"href":"https:\/\/apmanagement.eu\/it\/wp-json\/wp\/v2\/comments?post=2823"}],"version-history":[{"count":13,"href":"https:\/\/apmanagement.eu\/it\/wp-json\/wp\/v2\/posts\/2823\/revisions"}],"predecessor-version":[{"id":7011,"href":"https:\/\/apmanagement.eu\/it\/wp-json\/wp\/v2\/posts\/2823\/revisions\/7011"}],"wp:featuredmedia":[{"embeddable":true,"href":"https:\/\/apmanagement.eu\/it\/wp-json\/wp\/v2\/media\/6603"}],"wp:attachment":[{"href":"https:\/\/apmanagement.eu\/it\/wp-json\/wp\/v2\/media?parent=2823"}],"wp:term":[{"taxonomy":"category","embeddable":true,"href":"https:\/\/apmanagement.eu\/it\/wp-json\/wp\/v2\/categories?post=2823"},{"taxonomy":"post_tag","embeddable":true,"href":"https:\/\/apmanagement.eu\/it\/wp-json\/wp\/v2\/tags?post=2823"}],"curies":[{"name":"wp","href":"https:\/\/api.w.org\/{rel}","templated":true}]}}