{"id":2906,"date":"2020-02-10T14:25:54","date_gmt":"2020-02-10T13:25:54","guid":{"rendered":"http:\/\/apmanagement.eu\/it\/?p=2906"},"modified":"2020-02-10T14:25:57","modified_gmt":"2020-02-10T13:25:57","slug":"concerto-di-apertura-del-festival-presences-2020-con-vanessa-benelli-mosell","status":"publish","type":"post","link":"https:\/\/apmanagement.eu\/it\/concerto-di-apertura-del-festival-presences-2020-con-vanessa-benelli-mosell\/","title":{"rendered":"Concerto di apertura del Festival Pr\u00e9sences 2020 con Vanessa Benelli Mosell"},"content":{"rendered":"<p>[et_pb_section fb_built=&#8221;1&#8243; _builder_version=&#8221;3.22.3&#8243;][et_pb_row _builder_version=&#8221;3.22.3&#8243; background_size=&#8221;initial&#8221; background_position=&#8221;top_left&#8221; background_repeat=&#8221;repeat&#8221;][et_pb_column type=&#8221;4_4&#8243; _builder_version=&#8221;3.0.47&#8243;][et_pb_text _builder_version=&#8221;3.22.7&#8243; header_line_height=&#8221;2em&#8221; saved_tabs=&#8221;all&#8221;]<\/p>\n<p><img loading=\"lazy\" decoding=\"async\" class=\"wp-image-2909 size-medium alignleft\" src=\"https:\/\/apmanagement.eu\/it\/wp-content\/uploads\/2020\/02\/Presences-203x300.jpg\" alt=\"\" width=\"203\" height=\"300\" srcset=\"https:\/\/apmanagement.eu\/it\/wp-content\/uploads\/2020\/02\/Presences-203x300.jpg 203w, https:\/\/apmanagement.eu\/it\/wp-content\/uploads\/2020\/02\/Presences.jpg 500w\" sizes=\"(max-width: 203px) 100vw, 203px\" \/><\/p>\n<p class=\"p1\">Lo scorso venerd\u00ec <a href=\"https:\/\/apmanagement.eu\/it\/vanessa-benelli-mosell\/\">Vanessa Benelli Mosell<\/a>, una delle rivelazioni del Festival Pr\u00e9sences 2019, si \u00e8 esibita al concerto di apertura del\u00a0<a href=\"https:\/\/www.maisondelaradio.fr\/festival-presences-2020\" target=\"_blank\" rel=\"noopener noreferrer\">2020 Pr\u00e9sences Festival<\/a>. Ha eseguito il Duetto per pianoforte e orchestra di\u00a0<strong>George <\/strong><strong>Benjamin<\/strong>, ospite principale di questa edizione, con l&#8217;<strong>Orchestre National de France\u00a0<\/strong>sotto la direzione di Benjamin stesso<\/p>\n<p><a href=\"https:\/\/toutelaculture.com\/musique\/classique-musique\/celebration-sous-la-baguette-de-george-benjamin-pour-louverture-du-festival-presences-07-02-2020\/?fbclid=IwAR0J3iN18bwrPnlSjzb2MLo2UNxirUc7IE4FDnkuaRF0K4RxyR24r7b4rHw\" target=\"_blank\" rel=\"noopener noreferrer\">Toute la culture<\/a> cita:<\/p>\n<p style=\"text-align: center;\"><em>\u201c\u2026the sublime and sophisticated Vanessa Benelli Mosell came to take place on the piano just installed to perform George Benjamin\u2019s \u201cDuet for piano and orchestra\u201d (2007-08, 12 mins) with the NFB. Dedicated to Pierre-Laurent Aymard, pianist close to Benjamin who will play his music Thursday evening as part of the Festival Pr\u00e9sence, this duet is sweet, like the harp moments that emanate from the orchestra and then, as it superimposes the sounds, the piano becomes rougher and the dialogue more intense\u2026\u201d<\/em><\/p>\n<p>&nbsp;<\/p>\n<p>&nbsp;<\/p>\n<p>Per maggiori informazioni sull&#8217;evento clicca <a href=\"https:\/\/www.maisondelaradio.fr\/evenement\/concert-symphonique\/benjamin-tharaud-benelli-mosell\" target=\"_blank\" rel=\"noopener noreferrer\">qui<\/a>!<\/p>\n<p class=\"p1\">Per sapere di pi\u00f9 su Vanessa, consulta la biografia completa <a href=\"https:\/\/apmanagement.eu\/it\/vanessa-benelli-mosell\/\"><span class=\"s1\">qui<\/span><\/a><\/p>\n<p>[\/et_pb_text][\/et_pb_column][\/et_pb_row][et_pb_row _builder_version=&#8221;3.22.3&#8243; background_size=&#8221;initial&#8221; background_position=&#8221;top_left&#8221; background_repeat=&#8221;repeat&#8221;][et_pb_column type=&#8221;1_2&#8243; _builder_version=&#8221;3.0.47&#8243;][et_pb_team_member name=&#8221;Vanessa Benelli Mosell&#8221; position=&#8221;Pianista&#8221; facebook_url=&#8221;https:\/\/www.facebook.com\/vanessa.mosell\/&#8221; twitter_url=&#8221;https:\/\/twitter.com\/vbenellimosell&#8221; _builder_version=&#8221;3.22.7&#8243; text_orientation=&#8221;center&#8221;][\/et_pb_team_member][et_pb_testimonial author=&#8221;The Guardian&#8221; quote_icon=&#8221;off&#8221; _builder_version=&#8221;3.22.7&#8243;]<\/p>\n<p style=\"text-align: center;\"><em>\u201cPowerful, emotional, romantic and dramatic, she sweeps us along in a dazzling display of assured technique.\u201d\u00a0<\/em><\/p>\n<p>[\/et_pb_testimonial][\/et_pb_column][et_pb_column type=&#8221;1_2&#8243; _builder_version=&#8221;3.0.47&#8243;][et_pb_gallery gallery_ids=&#8221;2910&#8243; fullwidth=&#8221;on&#8221; _builder_version=&#8221;3.22.7&#8243;][\/et_pb_gallery][\/et_pb_column][\/et_pb_row][\/et_pb_section]<\/p>\n","protected":false},"excerpt":{"rendered":"<p>Lo scorso venerd\u00ec Vanessa Benelli Mosell, una delle rivelazioni del Festival Pr\u00e9sences 2019, si \u00e8 esibita al concerto di apertura del\u00a02020 Pr\u00e9sences Festival. Ha eseguito il Duetto per pianoforte e orchestra di\u00a0George Benjamin, ospite principale&#8230;<\/p>\n","protected":false},"author":2,"featured_media":2910,"comment_status":"closed","ping_status":"closed","sticky":false,"template":"","format":"standard","meta":{"_et_pb_use_builder":"on","_et_pb_old_content":"","_et_gb_content_width":"","footnotes":""},"categories":[81],"tags":[],"class_list":["post-2906","post","type-post","status-publish","format-standard","has-post-thumbnail","hentry","category-news"],"_links":{"self":[{"href":"https:\/\/apmanagement.eu\/it\/wp-json\/wp\/v2\/posts\/2906","targetHints":{"allow":["GET"]}}],"collection":[{"href":"https:\/\/apmanagement.eu\/it\/wp-json\/wp\/v2\/posts"}],"about":[{"href":"https:\/\/apmanagement.eu\/it\/wp-json\/wp\/v2\/types\/post"}],"author":[{"embeddable":true,"href":"https:\/\/apmanagement.eu\/it\/wp-json\/wp\/v2\/users\/2"}],"replies":[{"embeddable":true,"href":"https:\/\/apmanagement.eu\/it\/wp-json\/wp\/v2\/comments?post=2906"}],"version-history":[{"count":6,"href":"https:\/\/apmanagement.eu\/it\/wp-json\/wp\/v2\/posts\/2906\/revisions"}],"predecessor-version":[{"id":2915,"href":"https:\/\/apmanagement.eu\/it\/wp-json\/wp\/v2\/posts\/2906\/revisions\/2915"}],"wp:featuredmedia":[{"embeddable":true,"href":"https:\/\/apmanagement.eu\/it\/wp-json\/wp\/v2\/media\/2910"}],"wp:attachment":[{"href":"https:\/\/apmanagement.eu\/it\/wp-json\/wp\/v2\/media?parent=2906"}],"wp:term":[{"taxonomy":"category","embeddable":true,"href":"https:\/\/apmanagement.eu\/it\/wp-json\/wp\/v2\/categories?post=2906"},{"taxonomy":"post_tag","embeddable":true,"href":"https:\/\/apmanagement.eu\/it\/wp-json\/wp\/v2\/tags?post=2906"}],"curies":[{"name":"wp","href":"https:\/\/api.w.org\/{rel}","templated":true}]}}