{"id":3809,"date":"2022-02-02T15:53:47","date_gmt":"2022-02-02T14:53:47","guid":{"rendered":"https:\/\/apmanagement.eu\/it\/?p=3809"},"modified":"2025-05-28T12:31:25","modified_gmt":"2025-05-28T10:31:25","slug":"kevin-spagnolo","status":"publish","type":"post","link":"https:\/\/apmanagement.eu\/it\/kevin-spagnolo\/","title":{"rendered":"Kevin Spagnolo"},"content":{"rendered":"<p>[et_pb_section fb_built=&#8221;1&#8243; fullwidth=&#8221;on&#8221; _builder_version=&#8221;4.16&#8243; global_colors_info=&#8221;{}&#8221;][et_pb_fullwidth_header title=&#8221;CLARINETTO&#8221; admin_label=&#8221;Fullwidth Immagine di sfondo e testo %22Clarinetto%22&#8243; _builder_version=&#8221;4.27.4&#8243; title_font=&#8221;Cinzel||||||||&#8221; title_text_align=&#8221;center&#8221; title_font_size=&#8221;55px&#8221; background_color=&#8221;rgba(196,196,196,0)&#8221; background_image=&#8221;https:\/\/apmanagement.eu\/it\/wp-content\/uploads\/2022\/01\/clarinetto.jpg&#8221; global_colors_info=&#8221;{}&#8221;][\/et_pb_fullwidth_header][\/et_pb_section][et_pb_section fb_built=&#8221;1&#8243; _builder_version=&#8221;4.16&#8243; global_colors_info=&#8221;{}&#8221;][et_pb_row _builder_version=&#8221;4.16&#8243; background_size=&#8221;initial&#8221; background_position=&#8221;top_left&#8221; background_repeat=&#8221;repeat&#8221; global_colors_info=&#8221;{}&#8221;][et_pb_column type=&#8221;4_4&#8243; _builder_version=&#8221;4.16&#8243; custom_padding=&#8221;|||&#8221; global_colors_info=&#8221;{}&#8221; custom_padding__hover=&#8221;|||&#8221;][et_pb_text admin_label=&#8221;Biografia&#8221; _builder_version=&#8221;4.27.4&#8243; text_orientation=&#8221;justified&#8221; global_colors_info=&#8221;{}&#8221;]<\/p>\n<p><img loading=\"lazy\" decoding=\"async\" class=\"alignleft wp-image-7027 \" src=\"https:\/\/apmanagement.eu\/it\/wp-content\/uploads\/2025\/04\/Kevin_Spagnolo_Uebel2025_compressed-819x1024.jpg\" alt=\"\" width=\"446\" height=\"557\" \/><\/p>\n<h1><span style=\"color: #333333; font-size: 30px;\">Kevin Spagnolo<\/span><\/h1>\n<h6><span style=\"color: #808080;\">Clarinetto<\/span><\/h6>\n<p>&nbsp;<\/p>\n<p class=\"p1\">Nel 2018, a soli 22 anni, Kevin ha raggiunto un traguardo notevole vincendo il <b>Primo Premio al Concorso Internazionale di Musica di Ginevra<\/b>, uno dei concorsi musicali pi\u00f9 prestigiosi al mondo. \u00c8 divenuto cos\u00ec il pi\u00f9 giovane clarinettista di sempre ad aver ricevuto questo prestigioso premio. Questo risultato ha segnato l&#8217;inizio della sua carriera internazionale, che lo ha visto regolarmente invitato per esibirsi come solista, concertista e musicista da camera nei maggiori festival e in importanti tourn\u00e9e in tutto il mondo.<\/p>\n<p class=\"p1\">Kevin ha suonato come solista con numerose orchestre rinomate. Queste includono l&#8217;<b>Orchestra del Teatro Mariinsky<\/b> sotto la direzione di Anton Shaburov al Musical Olympus Festival, eseguendo il Concerto per clarinetto di Copland, l&#8217;<b>Orchestra Filarmonica di Sofia<\/b>, l&#8217;Orquesta de Aguascalientes con Roman Revueltas, la <b>Bruxelles Philharmonic<\/b> con Antonio Saiote, l&#8217;<b>Orchestre de Chambre de Gen\u00e8ve<\/b> con Pierre Bleuse e Yann Kerninon, l&#8217;Orchestre des Nations con Vitor Fernandes e Antoine Marguier, la <b>Swedish Chamber Orchestra<\/b> sotto Martin Fr\u00f6st e poi Michael Collins, l&#8217;<b>Orchestra Regionale Toscana<\/b> in tourn\u00e9e con Nil Venditti, l&#8217;Orchestre de Chambre de l\u2019HEM, l&#8217;Orchestra Sinfonica di Sanremo con Cem\u2019i Can Deliorman, l&#8217;<b>Orchestra Sinfonica di Torino<\/b> con Giampaolo Pretto, l&#8217;Orchestra Sinfonica Siciliana con Alessandro Bonato e l&#8217;<b>Orchestra Filarmonica Marchigiana<\/b> con Diego Ceretta.<\/p>\n<p class=\"p1\">Nell&#8217;estate del <b>2024<\/b>, Kevin ha debuttato con l&#8217;<b>Orchestre de la Suisse Romande<\/b> sotto la direzione di Marc Leroy-Catalayud, eseguendo il Concerto per Clarinetto di Mozart. Nella primavera del <b>2025<\/b> ha debuttato da solista in Brasile con l\u2019<b>Orchestra Filarmonica de Minas G\u00e9rais, <\/b>l&#8217;Orchestra Filarmonica di Goias e l&#8217;Orquestra Sinf\u00f4nica do Teatro Nacional Claudio Santoro di Brasilia.<\/p>\n<p class=\"p1\">Tra i suoi prossimi impegni citiamo una tourn\u00e9e in Spagna con l\u2019<b>Orchestra Regionale Toscana e Diego Ceretta<\/b>, un concerto con l<b>\u2019Orchestra Presidenziale della Turchia<\/b> ad Ankara, esibizioni con i <b>\u201cSolisti di Pavia\u201d<\/b>, la <b>Filarmonica di Stato di Sibiu<\/b> e la Filarmonica di Stato della Transilvania in Romania, nonch\u00e9 concerti di musica da camera in Cina e in Italia.<\/p>\n<p class=\"p1\">Nel 2022, Kevin sostituisce all&#8217;ultimo momento <b>Martin Fr\u00f6st<\/b> in una tourn\u00e9e con la Swedish Chamber Orchestra, suonando il Concerto per Clarinetto e orchestra di Mozart, riscuotendo grande successo a Budapest, nella Grand Hall della Frank Liszt Academy a Budapest e nella Union Hall a Maribor. Entrambi i concerti sono stati trasmessi e registrati rispettivamente dalla Radio Bart\u00f3k ungherese e dalla Radio Slovena.<\/p>\n<p class=\"p1\">Lo stesso anno \u00e8 stato invitato come ospite nel programma \u201cVia dei Matti n.0\u201d su Rai3 condotto da Stefano Bollani e Valentina Cenni, suonando insieme a Bollani alcuni brani del suo primo CD e parlando di musica.<\/p>\n<p class=\"p1\">Kevin ha pubblicato il suo primo CD <b>\u201cFa\u00e7ades\u201d <\/b>nel <b>2021<\/b> con la Swedish Chamber Orchestra e Michael Collins. Il CD presenta opere di C.M. von Weber, Jean Fran\u00e7aix, Rossini e B\u00e9la Kovacs. Sostenuto dal Concorso Internazionale di Ginevra e da Breguet, il CD esplora i temi della gioia e delle varie sfaccettature emotive della vita, risuonando con l&#8217;identit\u00e0 artistica di Kevin.<\/p>\n<p class=\"p1\">Come <b>musicista da camera<\/b>, Kevin ha collaborato con straordinari musicisti<span class=\"Apple-converted-space\">\u00a0 <\/span>quali <b>Beatrice Rana<\/b>, <b>Emmanuel Pahud<\/b>, <b>Stefano Bollani, Liya Petrova, Carlos Sanchis, Chlo\u00eb Ji-yeong Mun, Th\u00e9o Fouchenneret, Aur\u00e9lien Pascal, Lorenzo Soul\u00e8s e Simone Rugani<\/b>. Ha collaborato anche con quartetti d&#8217;archi come il Quartet Voce, il <b>Karol<\/b> <b>Szymanowski Quartet<\/b>, il Quartetto Guadagnini, il Quartetto Prometeo e il Quartet Terpsychordes, e con artisti come <b>Lise Berthaud, Sergey Ostrovsky, Oph\u00e9lie Gaillard e Yubeen Kim, Sara Vidouvier <\/b>e in duo con<b> Vitor Fernandes <\/b>accompagnato da <b>Serika Saito. <\/b>Molti dei suoi concerti sono stati trasmessi da Radio France, Bayerischer Rundfunk, Rai Radio 3 e Radio Suisse Romande. Si esibisce regolarmente in duo con il pianista Simone Rugani, esibendosi in numerosi festival e sale da concerto in tutta Italia, come il <b>Festival Classiche Forme, <\/b>Perugia Classica, Lucca Classica, Amici della Musica di Firenze, Arezzo Classica, Bologna Festival e la Filarmonica Laudamo di Messina.<\/p>\n<p class=\"p1\">Kevin ha iniziato a suonare il clarinetto all&#8217;et\u00e0 di otto anni e ha studiato presso l&#8217;Istituto Superiore di Studi Musicali Luigi Boccherini a Lucca, completando il suo Bachelor con il massimo dei voti a 17 anni sotto la guida del professor Remo Pieri. Durante gli studi, ha vinto diversi concorsi locali, nazionali e internazionali, avendo cos&#8217; l&#8217;opportunit\u00e0 di esibirsi nei primi recital della sua carriera. Dopo aver studiato con Carlo Failli e Fabrizio Meloni, Kevin ha frequentato il prestigioso Conservatorio di Ginevra, dove ha conseguito il suo primo Master con un premio speciale nel 2017 e il suo secondo Master Soliste con Romain Guyot nel 2019. Oltre al Concorso Internazionale di Ginevra, Kevin ha vinto il Terzo Premio al Concorso Internazionale di Clarinetto Jacques Lancelot nel 2016, il Terzo Premio al Concorso Internazionale di Clarinetto di Ghent nel 2017 e il Primo Gran Premio al Berliner International Music Competition nel 2019.<\/p>\n<p class=\"p1\">Dal 2021, oltre alla sua attivit\u00e0 concertistica, Kevin si dedica all\u2019insegnamento, in masterclasses in tutto il mondo ed \u00e8 docente alla Scuola Internazionale di Musica Avos Project a Roma.<\/p>\n<p class=\"p1\">Kevin \u00e8 riconosciuto tra i pi\u00f9 grandi clarinettisti moderni e continua a dare un contributo significativo al mondo della musica classica. La sua abilit\u00e0 artistica e il suo carisma vengono elogiati dalla critica<span class=\"s1\">.<\/span><\/p>\n<div class=\"page\" title=\"Page 1\">\n<div class=\"section\">\n<div class=\"layoutArea\">\n<div class=\"column\">\n<div class=\"page\" title=\"Page 2\">\n<div class=\"layoutArea\">\n<div class=\"column\">\n<p>&nbsp;<\/p>\n<\/div>\n<\/div>\n<\/div>\n<\/div>\n<\/div>\n<\/div>\n<\/div>\n<p style=\"text-align: center;\"><em><strong>Questa biografia non pu\u00f2 essere modificata senza consenso<\/strong><\/em><\/p>\n<p>&nbsp;<\/p>\n<p><strong>GENERAL MANAGEMENT<\/strong><br \/>APM &#8211; Alessandro Panetto Management<br \/>tel.\/fax: 0444 970612<br \/>alessandro@apmanagement.eu<br \/>www.apmanagement.eu<\/p>\n<p>&nbsp;<\/p>\n<div class='one_half'>\n\t\t\t\t\t<p style=\"text-align: center;\">Scarica\u00a0<a href=\"https:\/\/apmanagement.eu\/it\/wp-content\/uploads\/2025\/05\/BIO_ITA_2025.pdf\">Biografia Kevin Spagnolo in PDF<\/a><\/p>\n\t\t\t\t<\/div><div class='one_half et_column_last'>\n\t\t\t\t\t<p style=\"text-align: center;\">Scopri di pi\u00f9 \u00a0<a href=\"https:\/\/www.kevinspagnolo.com\/\">www.kevinspagnolo.com<\/a><\/p>\n\t\t\t\t<\/div><div class='clear'><\/div><\/p>\n<p>[\/et_pb_text][\/et_pb_column][\/et_pb_row][et_pb_row column_structure=&#8221;1_2,1_2&#8243; _builder_version=&#8221;4.16&#8243; background_size=&#8221;initial&#8221; background_position=&#8221;top_left&#8221; background_repeat=&#8221;repeat&#8221; global_colors_info=&#8221;{}&#8221;][et_pb_column type=&#8221;1_2&#8243; _builder_version=&#8221;4.16&#8243; custom_padding=&#8221;|||&#8221; global_colors_info=&#8221;{}&#8221; custom_padding__hover=&#8221;|||&#8221;][et_pb_button button_url=&#8221;https:\/\/apmanagement.eu\/it\/kevin-spagnolo-video-gallery\/&#8221; button_text=&#8221;VIDEO GALLERY&#8221; button_alignment=&#8221;right&#8221; admin_label=&#8221;VID GAL&#8221; _builder_version=&#8221;4.16&#8243; custom_button=&#8221;on&#8221; button_text_color=&#8221;#b5aba1&#8243; button_border_color=&#8221;#6e6760&#8243; button_icon_color=&#8221;#6e6760&#8243; global_colors_info=&#8221;{}&#8221;][\/et_pb_button][\/et_pb_column][et_pb_column type=&#8221;1_2&#8243; _builder_version=&#8221;4.16&#8243; custom_padding=&#8221;|||&#8221; global_colors_info=&#8221;{}&#8221; custom_padding__hover=&#8221;|||&#8221;][et_pb_button button_url=&#8221;https:\/\/apmanagement.eu\/it\/kevin-spagnolo-picture-gallery\/&#8221; button_text=&#8221;FOTO GALLERY&#8221; button_alignment=&#8221;left&#8221; admin_label=&#8221;PIC GAL&#8221; _builder_version=&#8221;4.16&#8243; custom_button=&#8221;on&#8221; button_text_color=&#8221;#b5aba1&#8243; button_border_color=&#8221;#6e6760&#8243; button_icon_color=&#8221;#6e6760&#8243; global_colors_info=&#8221;{}&#8221;][\/et_pb_button][\/et_pb_column][\/et_pb_row][et_pb_row disabled_on=&#8221;off|off|off&#8221; _builder_version=&#8221;4.16&#8243; background_size=&#8221;initial&#8221; background_position=&#8221;top_left&#8221; background_repeat=&#8221;repeat&#8221; global_colors_info=&#8221;{}&#8221;][et_pb_column type=&#8221;4_4&#8243; _builder_version=&#8221;4.16&#8243; custom_padding=&#8221;|||&#8221; global_colors_info=&#8221;{}&#8221; custom_padding__hover=&#8221;|||&#8221;][et_pb_text admin_label=&#8221;Calendario&#8221; _builder_version=&#8221;4.16&#8243; global_colors_info=&#8221;{}&#8221;]<\/p>\n\n<p>[\/et_pb_text][\/et_pb_column][\/et_pb_row][\/et_pb_section][et_pb_section fb_built=&#8221;1&#8243; fullwidth=&#8221;on&#8221; disabled_on=&#8221;off|off|off&#8221; admin_label=&#8221;Section Trio Kevin&#8221; _builder_version=&#8221;4.27.4&#8243; _module_preset=&#8221;default&#8221; collapsed=&#8221;off&#8221; global_colors_info=&#8221;{}&#8221; theme_builder_area=&#8221;post_content&#8221;][et_pb_fullwidth_header title=&#8221;Arpa, clarinetto, violoncello&#8221; subhead=&#8221;Un trio di Kevin Spagnolo con V. Lisci e A. Pascal&#8221; text_orientation=&#8221;right&#8221; button_one_text=&#8221;Scopri di pi\u00f9&#8221; button_one_url=&#8221;https:\/\/apmanagement.eu\/it\/trio-spagnolo-lisci-pascal\/&#8221; _builder_version=&#8221;4.27.4&#8243; _module_preset=&#8221;default&#8221; subhead_font_size=&#8221;20px&#8221; background_enable_color=&#8221;off&#8221; background_image=&#8221;https:\/\/apmanagement.eu\/it\/wp-content\/uploads\/2025\/05\/Trio-LSP_2-credit-LORES-scaled.jpg&#8221; background_position=&#8221;top_center&#8221; background_vertical_offset=&#8221;19%&#8221; custom_padding=&#8221;369px||50px|||&#8221; child_filter_contrast=&#8221;151%&#8221; global_colors_info=&#8221;{}&#8221; theme_builder_area=&#8221;post_content&#8221;][\/et_pb_fullwidth_header][\/et_pb_section]<\/p>\n","protected":false},"excerpt":{"rendered":"<p>Vincitore del Primo Premio del prestigioso concorso di Ginevra nel 2018 a soli 22 anni, Kevin Pedro Spagnolo (1996) \u00e8 considerato uno dei pi\u00f9 giovani e talentuosi artisti della sua generazione. Gi\u00e0 vincitore di molti altri concorsi nazionali ed internazionali tra cui il&#8230;<\/p>\n","protected":false},"author":2,"featured_media":7100,"comment_status":"closed","ping_status":"closed","sticky":false,"template":"","format":"standard","meta":{"_et_pb_use_builder":"on","_et_pb_old_content":"","_et_gb_content_width":"","footnotes":""},"categories":[98,99],"tags":[],"class_list":["post-3809","post","type-post","status-publish","format-standard","has-post-thumbnail","hentry","category-clarinetto","category-kevin-spagnolo"],"_links":{"self":[{"href":"https:\/\/apmanagement.eu\/it\/wp-json\/wp\/v2\/posts\/3809","targetHints":{"allow":["GET"]}}],"collection":[{"href":"https:\/\/apmanagement.eu\/it\/wp-json\/wp\/v2\/posts"}],"about":[{"href":"https:\/\/apmanagement.eu\/it\/wp-json\/wp\/v2\/types\/post"}],"author":[{"embeddable":true,"href":"https:\/\/apmanagement.eu\/it\/wp-json\/wp\/v2\/users\/2"}],"replies":[{"embeddable":true,"href":"https:\/\/apmanagement.eu\/it\/wp-json\/wp\/v2\/comments?post=3809"}],"version-history":[{"count":41,"href":"https:\/\/apmanagement.eu\/it\/wp-json\/wp\/v2\/posts\/3809\/revisions"}],"predecessor-version":[{"id":7157,"href":"https:\/\/apmanagement.eu\/it\/wp-json\/wp\/v2\/posts\/3809\/revisions\/7157"}],"wp:featuredmedia":[{"embeddable":true,"href":"https:\/\/apmanagement.eu\/it\/wp-json\/wp\/v2\/media\/7100"}],"wp:attachment":[{"href":"https:\/\/apmanagement.eu\/it\/wp-json\/wp\/v2\/media?parent=3809"}],"wp:term":[{"taxonomy":"category","embeddable":true,"href":"https:\/\/apmanagement.eu\/it\/wp-json\/wp\/v2\/categories?post=3809"},{"taxonomy":"post_tag","embeddable":true,"href":"https:\/\/apmanagement.eu\/it\/wp-json\/wp\/v2\/tags?post=3809"}],"curies":[{"name":"wp","href":"https:\/\/api.w.org\/{rel}","templated":true}]}}