{"id":3877,"date":"2022-02-07T09:19:30","date_gmt":"2022-02-07T08:19:30","guid":{"rendered":"https:\/\/apmanagement.eu\/it\/?p=3877"},"modified":"2022-02-17T14:51:27","modified_gmt":"2022-02-17T13:51:27","slug":"kevin-spagnolo-sostituisce-martin-frost","status":"publish","type":"post","link":"https:\/\/apmanagement.eu\/it\/kevin-spagnolo-sostituisce-martin-frost\/","title":{"rendered":"Kevin Spagnolo sostituisce Martin Fr\u00f6st"},"content":{"rendered":"<p>[et_pb_section fb_built=&#8221;1&#8243; _builder_version=&#8221;4.9.4&#8243; _module_preset=&#8221;default&#8221;][et_pb_row _builder_version=&#8221;4.9.4&#8243; _module_preset=&#8221;default&#8221;][et_pb_column type=&#8221;4_4&#8243; _builder_version=&#8221;4.9.4&#8243; _module_preset=&#8221;default&#8221;][et_pb_text _builder_version=&#8221;4.9.4&#8243; _module_preset=&#8221;default&#8221; hover_enabled=&#8221;0&#8243; sticky_enabled=&#8221;0&#8243;]<\/p>\n<p><a href=\"https:\/\/www.kevinspagnolo.com\/\"><strong>Kevin Spagnolo<\/strong><\/a>, la <strong>giovane promessa Italiana del clarinetto<\/strong>, non nasconde sui social l\u2019emozione di suonare come <strong>sostituto di <a href=\"https:\/\/www.martinfrost.se\/\">Martin Fr\u00f6st<\/a><\/strong> in due concerti, in Ungheria e Slovenia con la sua amata <strong>Swedish Chamber Orchestra<\/strong>. Il primo concerto, tenutosi il 27 gennaio a Budapest presso la <a href=\"https:\/\/zeneakademia.hu\/main-building\/music-made-visible-the-iconographic-programme-of-the-grand-hall-117274\">Grand Hall Franz Liszt Academy<\/a> e trasmesso live su Radio Bart\u00f3k Ungherese. Il secondo svoltosi il giorno successivo presso la <a href=\"https:\/\/www.nd-mb.si\/en\/music\/all-events\">Union Hall di Maribor<\/a> per la Radio Slovena.<\/p>\n<p>Purtroppo le circostanze collegate all\u2019attuale situazione pandemica, hanno portato il famoso clarinettista <strong>Martin Fr\u00f6st<\/strong> a non poter partecipare ai due concerti. Martin \u00e8 stato cos\u00ec <strong>sostituito con breve preavviso da Kevin<\/strong>, che si \u00e8 dimostrato assolutamente all&#8217;altezza della situazione.<\/p>\n<p>Kevin ha eseguito il concerto per clarinetto in la maggiore KV 622 di Mozart in onore del 226esimo compleanno del grande compositore. E come dice di lui il Maestro Collins: <em>\u201cThat\u2019s what I love so much about you, because you are enjoying every single moment\u201d<\/em>, cos\u00ec ha fatto anche in questi ultimi due concerti.<\/p>\n<p><span style=\"color: #091ba0;\">Il giornale sloveno Ve\u010det ha scritto una <strong>meravigliosa recensione<\/strong>:<\/span><\/p>\n<p style=\"text-align: center;\"><span style=\"color: #091ba0;\"><em>\u201cIl giovane clarinettista, gi\u00e0 affermato sulla scena musicale internazionale, si \u00e8 presentato come un <strong>eccezionale interprete<\/strong> del Concerto per clarinetto e orchestra in la maggiore, KV 622, <strong>un&#8217;articolazione e un fraseggio sofisticati da virtuoso che raramente si sentono in tale armonia con un&#8217;orchestra<\/strong>. L&#8217;esecuzione ha raggiunto un <strong>livello di espressione artistica cos\u00ec alto<\/strong> da lasciare l&#8217;impressione di una composizione di programma e ha rivelato tutto il genio dell&#8217;ispirazione unica di Mozart. Alla fine della prima frase, era chiaro che il carismatico Kevin Spagnolo non \u00e8 solo il <strong>protagonista della serata<\/strong>, ma anche un musicista la cui carriera vorremo sicuramente continuare a seguire <\/em><em>sfruttando ogni preziosa occasione per ascoltarlo di nuovo.\u201d<\/em><\/span><\/p>\n<p style=\"text-align: left;\">Kevin fa parte della Swedish Chamber Orchestra dal 2019. Alla giovane et\u00e0 di 26 anni, dopo aver vinto nel 2018 il prestigioso <strong>primo premio<\/strong> al <a href=\"https:\/\/www.concoursgeneve.ch\/\"><strong>Concorso di Ginevra<\/strong><\/a> &#8211; sezione clarinetto, ha gi\u00e0 collezionato numerosi successi in tutto il mondo. Questo giovane prodigio ha pubblicato lo scorso anno un album intitolato <a href=\"https:\/\/www.youtube.com\/watch?v=WMRtBOnKVH4\">\u201cFa\u00e7ades\u201d<\/a>, sponsorizzato da Breguet e il Concorso di Ginevra, registrato con la Swedish Chamber Orchestra e con a capo il direttore Michael Collins, con musiche di G. Rossini, C.M. von Weber, Jean Fran\u00e7aix e B\u00e9la Kov\u00e1cs.<\/p>\n<p style=\"text-align: center;\"><em>\u201cI\u2019m thinking in Italian, dreaming in German and when I wake up<\/em><br \/><em>the first things that go through my mind are in French\u201d<\/em><\/p>\n<p>[\/et_pb_text][\/et_pb_column][\/et_pb_row][et_pb_row _builder_version=&#8221;4.9.4&#8243; _module_preset=&#8221;default&#8221;][et_pb_column type=&#8221;4_4&#8243; _builder_version=&#8221;4.9.4&#8243; _module_preset=&#8221;default&#8221;][et_pb_image src=&#8221;https:\/\/apmanagement.eu\/it\/wp-content\/uploads\/2022\/02\/FB_IMG_1643982936594.jpg&#8221; title_text=&#8221;Kevin-Maribor 2022&#8243; align=&#8221;center&#8221; _builder_version=&#8221;4.9.4&#8243; _module_preset=&#8221;default&#8221;][\/et_pb_image][\/et_pb_column][\/et_pb_row][et_pb_row column_structure=&#8221;1_2,1_2&#8243; _builder_version=&#8221;4.9.4&#8243; _module_preset=&#8221;default&#8221; use_background_color_gradient=&#8221;on&#8221; background_color_gradient_start=&#8221;rgba(0,0,0,0)&#8221; background_color_gradient_end=&#8221;rgba(0,0,0,0)&#8221;][et_pb_column type=&#8221;1_2&#8243; _builder_version=&#8221;4.9.4&#8243; _module_preset=&#8221;default&#8221;][et_pb_image src=&#8221;https:\/\/apmanagement.eu\/it\/wp-content\/uploads\/2022\/02\/FB_IMG_1643982932230.jpg&#8221; title_text=&#8221;FB_IMG_1643982932230&#8243; _builder_version=&#8221;4.9.4&#8243; _module_preset=&#8221;default&#8221;][\/et_pb_image][\/et_pb_column][et_pb_column type=&#8221;1_2&#8243; _builder_version=&#8221;4.9.4&#8243; _module_preset=&#8221;default&#8221;][et_pb_image src=&#8221;https:\/\/apmanagement.eu\/it\/wp-content\/uploads\/2022\/02\/FB_IMG_1643982941193.jpg&#8221; title_text=&#8221;FB_IMG_1643982941193&#8243; _builder_version=&#8221;4.9.4&#8243; _module_preset=&#8221;default&#8221;][\/et_pb_image][\/et_pb_column][\/et_pb_row][et_pb_row _builder_version=&#8221;4.9.4&#8243; _module_preset=&#8221;default&#8221; use_background_color_gradient=&#8221;on&#8221; background_color_gradient_start=&#8221;rgba(0,0,0,0)&#8221; background_color_gradient_end=&#8221;rgba(0,0,0,0)&#8221;][et_pb_column type=&#8221;4_4&#8243; _builder_version=&#8221;4.9.4&#8243; _module_preset=&#8221;default&#8221;][et_pb_image src=&#8221;https:\/\/apmanagement.eu\/it\/wp-content\/uploads\/2022\/02\/FB_IMG_1643982943185.jpg&#8221; title_text=&#8221;FB_IMG_1643982943185&#8243; align=&#8221;center&#8221; _builder_version=&#8221;4.9.4&#8243; _module_preset=&#8221;default&#8221;][\/et_pb_image][\/et_pb_column][\/et_pb_row][et_pb_row column_structure=&#8221;1_3,1_3,1_3&#8243; _builder_version=&#8221;4.9.4&#8243; _module_preset=&#8221;default&#8221;][et_pb_column type=&#8221;1_3&#8243; _builder_version=&#8221;4.9.4&#8243; _module_preset=&#8221;default&#8221;][\/et_pb_column][et_pb_column type=&#8221;1_3&#8243; _builder_version=&#8221;4.9.4&#8243; _module_preset=&#8221;default&#8221;][et_pb_button button_url=&#8221;https:\/\/apmanagement.eu\/it\/kevin-spagnolo\/&#8221; button_text=&#8221;Scopri di pi\u00f9 su Kevin&#8221; button_alignment=&#8221;center&#8221; _builder_version=&#8221;4.9.4&#8243; _module_preset=&#8221;default&#8221;][\/et_pb_button][\/et_pb_column][et_pb_column type=&#8221;1_3&#8243; _builder_version=&#8221;4.9.4&#8243; _module_preset=&#8221;default&#8221;][\/et_pb_column][\/et_pb_row][\/et_pb_section]<\/p>\n","protected":false},"excerpt":{"rendered":"<p>Kevin Spagnolo, la giovane promessa Italiana del clarinetto, non nasconde sui social l\u2019emozione di suonare come sostituto di Martin Fr\u00f6st in due concerti, in Ungheria e Slovenia con la sua amata Swedish Chamber Orchestra. Il primo concerto, tenutosi il 27 gennaio a Budapest presso la Grand Hall Franz&#8230;<\/p>\n","protected":false},"author":2,"featured_media":3885,"comment_status":"closed","ping_status":"closed","sticky":false,"template":"","format":"standard","meta":{"_et_pb_use_builder":"on","_et_pb_old_content":"","_et_gb_content_width":"","footnotes":""},"categories":[81],"tags":[],"class_list":["post-3877","post","type-post","status-publish","format-standard","has-post-thumbnail","hentry","category-news"],"_links":{"self":[{"href":"https:\/\/apmanagement.eu\/it\/wp-json\/wp\/v2\/posts\/3877","targetHints":{"allow":["GET"]}}],"collection":[{"href":"https:\/\/apmanagement.eu\/it\/wp-json\/wp\/v2\/posts"}],"about":[{"href":"https:\/\/apmanagement.eu\/it\/wp-json\/wp\/v2\/types\/post"}],"author":[{"embeddable":true,"href":"https:\/\/apmanagement.eu\/it\/wp-json\/wp\/v2\/users\/2"}],"replies":[{"embeddable":true,"href":"https:\/\/apmanagement.eu\/it\/wp-json\/wp\/v2\/comments?post=3877"}],"version-history":[{"count":24,"href":"https:\/\/apmanagement.eu\/it\/wp-json\/wp\/v2\/posts\/3877\/revisions"}],"predecessor-version":[{"id":3970,"href":"https:\/\/apmanagement.eu\/it\/wp-json\/wp\/v2\/posts\/3877\/revisions\/3970"}],"wp:featuredmedia":[{"embeddable":true,"href":"https:\/\/apmanagement.eu\/it\/wp-json\/wp\/v2\/media\/3885"}],"wp:attachment":[{"href":"https:\/\/apmanagement.eu\/it\/wp-json\/wp\/v2\/media?parent=3877"}],"wp:term":[{"taxonomy":"category","embeddable":true,"href":"https:\/\/apmanagement.eu\/it\/wp-json\/wp\/v2\/categories?post=3877"},{"taxonomy":"post_tag","embeddable":true,"href":"https:\/\/apmanagement.eu\/it\/wp-json\/wp\/v2\/tags?post=3877"}],"curies":[{"name":"wp","href":"https:\/\/api.w.org\/{rel}","templated":true}]}}