{"id":4034,"date":"2022-03-10T12:28:39","date_gmt":"2022-03-10T11:28:39","guid":{"rendered":"https:\/\/apmanagement.eu\/it\/?p=4034"},"modified":"2022-03-10T13:49:00","modified_gmt":"2022-03-10T12:49:00","slug":"vanessa-benelli-mosell-in-tour-come-direttrice-con-la-klassische-philharmonie-bonn","status":"publish","type":"post","link":"https:\/\/apmanagement.eu\/it\/vanessa-benelli-mosell-in-tour-come-direttrice-con-la-klassische-philharmonie-bonn\/","title":{"rendered":"Vanessa Benelli Mosell in tour come direttrice con la Klassische Philharmonie Bonn"},"content":{"rendered":"<p>[et_pb_section fb_built=&#8221;1&#8243; _builder_version=&#8221;4.9.4&#8243; _module_preset=&#8221;default&#8221; custom_padding=&#8221;||3px|||&#8221;][et_pb_row _builder_version=&#8221;4.9.4&#8243; _module_preset=&#8221;default&#8221;][et_pb_column type=&#8221;4_4&#8243; _builder_version=&#8221;4.9.4&#8243; _module_preset=&#8221;default&#8221;][et_pb_text _builder_version=&#8221;4.9.4&#8243; _module_preset=&#8221;default&#8221; text_orientation=&#8221;justified&#8221;]<\/p>\n<p class=\"p1\" style=\"text-align: left;\">Mentre continuano ad arrivare fantastiche critiche su <a href=\"https:\/\/umi.lnk.to\/moselldebussy\">Debussy<\/a>, l&#8217;ultimo album al pianoforte, <a href=\"https:\/\/www.vanessabenellimosell.com\/\">Vanessa Benelli Mosell<\/a> sta ottenendo grandi successi anche come <strong>direttrice d&#8217;orchestra<\/strong> e, dopo aver diretto a inizio 2022 la <strong>Lithuanian State Symphony Orchestra<\/strong> e l&#8217;orchestra polacca Filharmonia Kameralna im. Witolda Lutos\u0142awskiego w \u0141om\u017cy, \u00e8 stata invitata dalla tedesca <a href=\"https:\/\/www.klassische-philharmonie-bonn.de\/index.php?id=2\">Klassische Philharmonie Bonn<\/a> a dirigere un tour in alcune delle <strong>pi\u00f9 importanti sale concerto della Germania<\/strong> fra cui anche la meravigliosa <strong>Konzerthaus di Berlino<\/strong>:<\/p>\n<p>08.02 N\u00fcrnberg (Meistersingerhalle)<br \/>09.02 Stuttgart (Liederhalle)<br \/>12.02 Karlsruhe (Schwarzwaldhalle)<br \/>24.02 Bielefeld (Oetkerhalle)<br \/>26.02 Bremen (Die Glocke)<br \/>27.02 Hamburg (Laeiszhalle)<br \/>27.02 Hannover (NDR)<br \/>05.03 Berlin (Konzerthaus)<\/p>\n<p>Il programma prevedeva il Sigfrido di Richard Wagner e la Sinfonia n.35 di Mozart. Con la solista <strong>Tsai Chen Juan<\/strong> \u00e8 stato anche eseguito il Concerto per oboe di Ludwig August Lebrun.<\/p>\n<p>&nbsp;<\/p>\n<p><strong>Vanessa ha ricevuto un ottimo riscontro dalla critica, entusiasta per la sua performance come direttrice:<\/strong><\/p>\n<p>&nbsp;<\/p>\n<p class=\"p1\" style=\"text-align: center;\"><strong><i>\u201cExhilarating lyricism. Vanessa Benelli Mosell enchants the audience in the Schwarzwaldhalle.\u201d<\/i><\/strong><\/p>\n<p>\u2026The Italian living in Paris has an impressive CV. She studied in Italy, Moscow, London and Strasbourg, has conducted several orchestras throughout Europe and <strong>embodies the great potential of today&#8217;s generation of female conductors<\/strong>. [Wagner] The Klassische Philharmonie Bonn was excellent at interpreting the velvety soft sound that expresses this piece.<span class=\"Apple-converted-space\">\u00a0<\/span><strong>Benelli Mosell worked out the endless lyrics wonderfully.<\/strong> [Lebrun] The soloist perfectly coordinated as in a chamber music interaction with the orchestra. The audience honored this performance with a long applause. The last part of the program fully lived up to the title of the concert series [Wiener Klassik]: Mozart&#8217;s Symphony No. 35 in D major, also known as the &#8220;Haffner Symphony&#8221;, that energetically concluded the program. As a souvenir from Benelli Mosell&#8217;s Italian homeland as an encore, the overture to the opera buffa \u201cL\u2019Italiana in Algeri\u201d by Gioachino Rossini, which triggered enthusiasm and a long applause from the audience.\u201d &#8211; Sarah Lindenmayer, BNN<\/p>\n<p>&nbsp;<\/p>\n<p style=\"text-align: center;\"><i>\u201c<strong>Vanessa Benelli Mosell is a Universal musical genius.\u201d<\/strong><\/i><\/p>\n<p>&#8220;She must have an unlimited capacity for absorption, because the program &#8230; even though it does not contain unusual compositions, it&#8217;s also not the most common repertoire pieces. So she must have had to learn everything anew. <strong>Vanessa Benelli Mosell performed with an admirable assurance and modesty<\/strong>. After the first bars it was clear that this was matched by a straightforward and <strong>elegant conducting<\/strong>. This is exactly what Richard Wagner&#8217;s Siegfried Idyll did particularly well. The audience could experience the tenderness of the beginning, the blossoming of the great middle section &#8230;<span class=\"Apple-converted-space\">\u00a0 <\/span>and the peaceful conclusion without any bombast as a true idyll.&#8221; [Mozart] It made impression and caused long applause, but the encore, Rossini&#8217;s &#8230; with its simple, pleasing and effective structures, caused <strong>storms of applause<\/strong>.&#8221; &#8211; Westfalenblatt<\/p>\n<p>[\/et_pb_text][\/et_pb_column][\/et_pb_row][et_pb_row _builder_version=&#8221;4.9.4&#8243; _module_preset=&#8221;default&#8221;][et_pb_column type=&#8221;4_4&#8243; _builder_version=&#8221;4.9.4&#8243; _module_preset=&#8221;default&#8221;][et_pb_divider _builder_version=&#8221;4.9.4&#8243; _module_preset=&#8221;default&#8221;][\/et_pb_divider][\/et_pb_column][\/et_pb_row][et_pb_row _builder_version=&#8221;4.9.4&#8243; _module_preset=&#8221;default&#8221; background_color=&#8221;RGBA(0,0,0,0)&#8221;][et_pb_column type=&#8221;4_4&#8243; _builder_version=&#8221;4.9.4&#8243; _module_preset=&#8221;default&#8221;][et_pb_video src=&#8221;https:\/\/www.youtube.com\/watch?v=rqqqhfPqeRQ&#8221; _builder_version=&#8221;4.9.4&#8243; _module_preset=&#8221;default&#8221;][\/et_pb_video][et_pb_text _builder_version=&#8221;4.9.4&#8243; _module_preset=&#8221;default&#8221;]<\/p>\n<p class=\"title style-scope ytd-video-primary-info-renderer\" style=\"text-align: center;\">Wagner Siegfried Idyll<\/p>\n<p style=\"text-align: center;\">Vanessa Benelli Mosell, direttrice<br \/>Orchestra, Klassische Philharmonie Bonn<br \/>Hannover<\/p>\n<p>[\/et_pb_text][\/et_pb_column][\/et_pb_row][\/et_pb_section][et_pb_section fb_built=&#8221;1&#8243; specialty=&#8221;on&#8221; _builder_version=&#8221;4.9.4&#8243; _module_preset=&#8221;default&#8221; custom_padding=&#8221;5px||4px|||&#8221;][et_pb_column type=&#8221;1_3&#8243; _builder_version=&#8221;3.25&#8243; custom_padding=&#8221;|||&#8221; custom_padding__hover=&#8221;|||&#8221;][et_pb_image src=&#8221;https:\/\/apmanagement.eu\/it\/wp-content\/uploads\/2022\/03\/20220305_201343_Vanessa-Benelli-MosellPeterAdamik_ADA4054-scaled.jpg&#8221; title_text=&#8221;20220305_201343_Vanessa-Benelli-MosellPeterAdamik_ADA4054&#8243; _builder_version=&#8221;4.9.4&#8243; _module_preset=&#8221;default&#8221; hover_enabled=&#8221;0&#8243; sticky_enabled=&#8221;0&#8243;][\/et_pb_image][\/et_pb_column][et_pb_column type=&#8221;2_3&#8243; specialty_columns=&#8221;2&#8243; _builder_version=&#8221;3.25&#8243; custom_padding=&#8221;|||&#8221; custom_padding__hover=&#8221;|||&#8221;][et_pb_row_inner _builder_version=&#8221;4.9.4&#8243; _module_preset=&#8221;default&#8221; custom_padding=&#8221;66px|||||&#8221;][et_pb_column_inner saved_specialty_column_type=&#8221;2_3&#8243; _builder_version=&#8221;4.9.4&#8243; _module_preset=&#8221;default&#8221;][et_pb_text _builder_version=&#8221;4.9.4&#8243; _module_preset=&#8221;default&#8221; text_font_size=&#8221;23px&#8221;]<\/p>\n<p style=\"text-align: center;\">KONZERTHAUS BERLIN<br \/>ph. Peter Adamik<\/p>\n<p>[\/et_pb_text][\/et_pb_column_inner][\/et_pb_row_inner][et_pb_row_inner column_structure=&#8221;1_2,1_2&#8243; _builder_version=&#8221;4.9.4&#8243; _module_preset=&#8221;default&#8221; custom_padding=&#8221;64px||21px|||&#8221;][et_pb_column_inner type=&#8221;1_2&#8243; saved_specialty_column_type=&#8221;2_3&#8243; _builder_version=&#8221;4.9.4&#8243; _module_preset=&#8221;default&#8221;][et_pb_image src=&#8221;https:\/\/apmanagement.eu\/it\/wp-content\/uploads\/2022\/03\/20220305_183333_Vanessa-Benelli-MosellPeterAdamik_ADA3589-scaled.jpg&#8221; title_text=&#8221;20220305_183333_Vanessa-Benelli-MosellPeterAdamik_ADA3589&#8243; _builder_version=&#8221;4.9.4&#8243; _module_preset=&#8221;default&#8221;][\/et_pb_image][\/et_pb_column_inner][et_pb_column_inner type=&#8221;1_2&#8243; saved_specialty_column_type=&#8221;2_3&#8243; _builder_version=&#8221;4.9.4&#8243; _module_preset=&#8221;default&#8221;][et_pb_image src=&#8221;https:\/\/apmanagement.eu\/it\/wp-content\/uploads\/2022\/03\/20220305_183810_Vanessa-Benelli-MosellPeterAdamik_ADA3678-scaled.jpg&#8221; title_text=&#8221;20220305_183810_Vanessa-Benelli-MosellPeterAdamik_ADA3678&#8243; _builder_version=&#8221;4.9.4&#8243; _module_preset=&#8221;default&#8221;][\/et_pb_image][\/et_pb_column_inner][\/et_pb_row_inner][\/et_pb_column][\/et_pb_section][et_pb_section fb_built=&#8221;1&#8243; _builder_version=&#8221;4.9.4&#8243; _module_preset=&#8221;default&#8221; custom_padding=&#8221;4px||4px|||&#8221;][et_pb_row column_structure=&#8221;1_2,1_2&#8243; _builder_version=&#8221;4.9.4&#8243; _module_preset=&#8221;default&#8221;][et_pb_column type=&#8221;1_2&#8243; _builder_version=&#8221;4.9.4&#8243; _module_preset=&#8221;default&#8221;][et_pb_image src=&#8221;https:\/\/apmanagement.eu\/it\/wp-content\/uploads\/2022\/03\/20220305_185413_Vanessa-Benelli-MosellPeterAdamik_ADA3886-scaled.jpg&#8221; title_text=&#8221;20220305_185413_Vanessa-Benelli-MosellPeterAdamik_ADA3886&#8243; _builder_version=&#8221;4.9.4&#8243; _module_preset=&#8221;default&#8221;][\/et_pb_image][\/et_pb_column][et_pb_column type=&#8221;1_2&#8243; _builder_version=&#8221;4.9.4&#8243; _module_preset=&#8221;default&#8221;][et_pb_image src=&#8221;https:\/\/apmanagement.eu\/it\/wp-content\/uploads\/2022\/03\/20220305_185607_Vanessa-Benelli-MosellPeterAdamik_ADA3891-scaled.jpg&#8221; title_text=&#8221;20220305_185607_Vanessa-Benelli-MosellPeterAdamik_ADA3891&#8243; _builder_version=&#8221;4.9.4&#8243; _module_preset=&#8221;default&#8221;][\/et_pb_image][\/et_pb_column][\/et_pb_row][et_pb_row column_structure=&#8221;1_2,1_2&#8243; _builder_version=&#8221;4.9.4&#8243; _module_preset=&#8221;default&#8221;][et_pb_column type=&#8221;1_2&#8243; _builder_version=&#8221;4.9.4&#8243; _module_preset=&#8221;default&#8221;][et_pb_image src=&#8221;https:\/\/apmanagement.eu\/it\/wp-content\/uploads\/2022\/03\/20220305_201830_Vanessa-Benelli-MosellPeterAdamik_ADA4130-scaled.jpg&#8221; title_text=&#8221;20220305_201830_Vanessa-Benelli-MosellPeterAdamik_ADA4130&#8243; _builder_version=&#8221;4.9.4&#8243; _module_preset=&#8221;default&#8221;][\/et_pb_image][\/et_pb_column][et_pb_column type=&#8221;1_2&#8243; _builder_version=&#8221;4.9.4&#8243; _module_preset=&#8221;default&#8221;][et_pb_image src=&#8221;https:\/\/apmanagement.eu\/it\/wp-content\/uploads\/2022\/03\/20220305_201827_Vanessa-Benelli-MosellPeterAdamik_ADA4128-scaled.jpg&#8221; title_text=&#8221;20220305_201827_Vanessa-Benelli-MosellPeterAdamik_ADA4128&#8243; _builder_version=&#8221;4.9.4&#8243; _module_preset=&#8221;default&#8221;][\/et_pb_image][\/et_pb_column][\/et_pb_row][et_pb_row column_structure=&#8221;1_2,1_2&#8243; _builder_version=&#8221;4.9.4&#8243; _module_preset=&#8221;default&#8221;][et_pb_column type=&#8221;1_2&#8243; _builder_version=&#8221;4.9.4&#8243; _module_preset=&#8221;default&#8221;][et_pb_image src=&#8221;https:\/\/apmanagement.eu\/it\/wp-content\/uploads\/2022\/03\/20220305_212304_Vanessa-Benelli-MosellPeterAdamik_ADS7660-scaled.jpg&#8221; title_text=&#8221;20220305_212304_Vanessa-Benelli-MosellPeterAdamik_ADS7660&#8243; _builder_version=&#8221;4.9.4&#8243; _module_preset=&#8221;default&#8221;][\/et_pb_image][\/et_pb_column][et_pb_column type=&#8221;1_2&#8243; _builder_version=&#8221;4.9.4&#8243; _module_preset=&#8221;default&#8221;][et_pb_image src=&#8221;https:\/\/apmanagement.eu\/it\/wp-content\/uploads\/2022\/03\/20220305_212241_Vanessa-Benelli-MosellPeterAdamik_ADS7655-scaled.jpg&#8221; title_text=&#8221;20220305_212241_Vanessa-Benelli-MosellPeterAdamik_ADS7655&#8243; _builder_version=&#8221;4.9.4&#8243; _module_preset=&#8221;default&#8221;][\/et_pb_image][\/et_pb_column][\/et_pb_row][et_pb_row _builder_version=&#8221;4.9.4&#8243; _module_preset=&#8221;default&#8221;][et_pb_column type=&#8221;4_4&#8243; _builder_version=&#8221;4.9.4&#8243; _module_preset=&#8221;default&#8221;][et_pb_image src=&#8221;https:\/\/apmanagement.eu\/it\/wp-content\/uploads\/2022\/03\/20220305_215220_Vanessa-Benelli-MosellPeterAdamik_ADA4560-scaled.jpg&#8221; title_text=&#8221;20220305_215220_Vanessa-Benelli-MosellPeterAdamik_ADA4560&#8243; _builder_version=&#8221;4.9.4&#8243; _module_preset=&#8221;default&#8221;][\/et_pb_image][\/et_pb_column][\/et_pb_row][\/et_pb_section][et_pb_section fb_built=&#8221;1&#8243; _builder_version=&#8221;4.9.4&#8243; _module_preset=&#8221;default&#8221; custom_padding=&#8221;2px||5px|||&#8221;][et_pb_row column_structure=&#8221;1_3,1_3,1_3&#8243; _builder_version=&#8221;4.9.4&#8243; _module_preset=&#8221;default&#8221; custom_padding=&#8221;4px||7px|||&#8221;][et_pb_column type=&#8221;1_3&#8243; _builder_version=&#8221;4.9.4&#8243; _module_preset=&#8221;default&#8221;][\/et_pb_column][et_pb_column type=&#8221;1_3&#8243; _builder_version=&#8221;4.9.4&#8243; _module_preset=&#8221;default&#8221;][et_pb_button button_url=&#8221;https:\/\/apmanagement.eu\/it\/vanessa-benelli-mosell\/&#8221; button_text=&#8221;Scopri di pi\u00f9 su Vanessa&#8221; button_alignment=&#8221;center&#8221; _builder_version=&#8221;4.9.4&#8243; _module_preset=&#8221;default&#8221;][\/et_pb_button][\/et_pb_column][et_pb_column type=&#8221;1_3&#8243; _builder_version=&#8221;4.9.4&#8243; _module_preset=&#8221;default&#8221;][\/et_pb_column][\/et_pb_row][\/et_pb_section]<\/p>\n","protected":false},"excerpt":{"rendered":"<p>Mentre continuano ad arrivare fantastiche critiche su Debussy, l&#8217;ultimo album al pianoforte, Vanessa Benelli Mosell sta ottenendo grandi successi anche come direttrice d&#8217;orchestra e, dopo aver diretto a inizio 2022 la Lithuanian State Symphony Orchestra&#8230;<\/p>\n","protected":false},"author":2,"featured_media":4062,"comment_status":"closed","ping_status":"closed","sticky":false,"template":"","format":"standard","meta":{"_et_pb_use_builder":"on","_et_pb_old_content":"","_et_gb_content_width":"","footnotes":""},"categories":[81],"tags":[],"class_list":["post-4034","post","type-post","status-publish","format-standard","has-post-thumbnail","hentry","category-news"],"_links":{"self":[{"href":"https:\/\/apmanagement.eu\/it\/wp-json\/wp\/v2\/posts\/4034","targetHints":{"allow":["GET"]}}],"collection":[{"href":"https:\/\/apmanagement.eu\/it\/wp-json\/wp\/v2\/posts"}],"about":[{"href":"https:\/\/apmanagement.eu\/it\/wp-json\/wp\/v2\/types\/post"}],"author":[{"embeddable":true,"href":"https:\/\/apmanagement.eu\/it\/wp-json\/wp\/v2\/users\/2"}],"replies":[{"embeddable":true,"href":"https:\/\/apmanagement.eu\/it\/wp-json\/wp\/v2\/comments?post=4034"}],"version-history":[{"count":32,"href":"https:\/\/apmanagement.eu\/it\/wp-json\/wp\/v2\/posts\/4034\/revisions"}],"predecessor-version":[{"id":4093,"href":"https:\/\/apmanagement.eu\/it\/wp-json\/wp\/v2\/posts\/4034\/revisions\/4093"}],"wp:featuredmedia":[{"embeddable":true,"href":"https:\/\/apmanagement.eu\/it\/wp-json\/wp\/v2\/media\/4062"}],"wp:attachment":[{"href":"https:\/\/apmanagement.eu\/it\/wp-json\/wp\/v2\/media?parent=4034"}],"wp:term":[{"taxonomy":"category","embeddable":true,"href":"https:\/\/apmanagement.eu\/it\/wp-json\/wp\/v2\/categories?post=4034"},{"taxonomy":"post_tag","embeddable":true,"href":"https:\/\/apmanagement.eu\/it\/wp-json\/wp\/v2\/tags?post=4034"}],"curies":[{"name":"wp","href":"https:\/\/api.w.org\/{rel}","templated":true}]}}