{"id":4247,"date":"2022-03-31T11:54:26","date_gmt":"2022-03-31T09:54:26","guid":{"rendered":"https:\/\/apmanagement.eu\/it\/?p=4247"},"modified":"2026-05-12T14:52:27","modified_gmt":"2026-05-12T12:52:27","slug":"vanessa-benelli-mosell","status":"publish","type":"post","link":"https:\/\/apmanagement.eu\/it\/vanessa-benelli-mosell\/","title":{"rendered":"Vanessa Benelli Mosell"},"content":{"rendered":"<p>[et_pb_section fb_built=&#8221;1&#8243; fullwidth=&#8221;on&#8221; _builder_version=&#8221;4.16&#8243; global_colors_info=&#8221;{}&#8221;][et_pb_fullwidth_header title=&#8221;DIRETTRICE E PIANISTA&#8221; _builder_version=&#8221;4.19.4&#8243; title_font=&#8221;Cinzel||||||||&#8221; title_text_align=&#8221;center&#8221; title_font_size=&#8221;55px&#8221; background_color=&#8221;rgba(196,196,196,0)&#8221; background_image=&#8221;https:\/\/apmanagement.eu\/it\/wp-content\/uploads\/2018\/08\/cropped-BatonScore4.jpg&#8221; global_colors_info=&#8221;{}&#8221;][\/et_pb_fullwidth_header][\/et_pb_section][et_pb_section fb_built=&#8221;1&#8243; _builder_version=&#8221;4.16&#8243; global_colors_info=&#8221;{}&#8221;][et_pb_row _builder_version=&#8221;4.16&#8243; background_size=&#8221;initial&#8221; background_position=&#8221;top_left&#8221; background_repeat=&#8221;repeat&#8221; global_colors_info=&#8221;{}&#8221;][et_pb_column type=&#8221;4_4&#8243; _builder_version=&#8221;4.16&#8243; custom_padding=&#8221;|||&#8221; global_colors_info=&#8221;{}&#8221; custom_padding__hover=&#8221;|||&#8221;][et_pb_text _builder_version=&#8221;4.27.4&#8243; text_orientation=&#8221;justified&#8221; hover_enabled=&#8221;0&#8243; global_colors_info=&#8221;{}&#8221; sticky_enabled=&#8221;0&#8243;]<\/p>\n<h1><img loading=\"lazy\" decoding=\"async\" class=\"alignleft wp-image-4050 \" src=\"https:\/\/apmanagement.eu\/it\/wp-content\/uploads\/2022\/03\/20220305_201827_Vanessa-Benelli-MosellPeterAdamik_ADA4128-683x1024.jpg\" alt=\"\" width=\"434\" height=\"651\" \/><\/h1>\n<h1>Vanessa Benelli Mosell<\/h1>\n<h6><span style=\"color: #808080;\">Direttrice d&#8217;orchestra e pianista<\/span><\/h6>\n<p>&nbsp;<\/p>\n<p>La direttrice d&#8217;orchestra e pianista italiana Vanessa Benelli Mosell si esibisce regolarmente nelle pi\u00f9 prestigiose sale da concerto e con importanti orchestre in tutto il mondo. Nel suo sviluppo come artista ha attinto alla saggezza di mentori come Daniel Harding, Mikko Franck, Cristian M\u00e3celaru, Karlheinz Stockhausen, George Benjamin e Paavo J\u00e4rvi.<\/p>\n<p>La stagione 25\/26 include concerti sul podio dell\u2019Orchestra Haydn di Bolzano e Trento, S\u00fcdwestdeutsches Kammerorchester Pforzheim, G\u00f6ttinger Symphonieorchester, Orchestre Lamoureux e dell\u2019Orchestra da Camera Fiorentina. Tra i suoi recenti impegni ci sono il lavoro di Assistente alla Direzione Musicale presso il Deutsche National Theater Weimar con la Staatskapelle Weimar in La Traviata, una produzione di Barbiere di Siviglia al Landestheater Coburg, collaborazioni con l\u2019Orchestra Sinfonica di Sanremo, la Juni Orchestra dell\u2019Accademia di Santa Cecilia e alla testa dell\u2019ensemble Le Balcon.<br \/>Progetti recenti hanno visto Vanessa Benelli Mosell dirigere ensemble e orchestre come la Klassische Philharmonie Bonn (nelle sale tedesche pi\u00f9 importanti come la Konzerthaus di Berlino, la Laeiszhalle di Amburgo e la Liederhalle di Stoccarda per citarne alcune), la Youth Academic Symphony Orchestra of Ukraine, la Lithuanian State Symphony Orchestra (LVSO), la Recreation Orchester Graz (come direttrice ospite per una produzione di H\u00e4nsel und Gretel), il Divertimento Ensemble, la Romanian Chamber Orchestra, la Wiener Kammerorchester, la Staatskapelle Weimar, gli Hof Symphoniker, la Jenaer Philharmonie e la Witold Lutos\u0142awski Chamber Philharmonic.<\/p>\n<p>Affascinata fin da piccola dall&#8217;orchestra e dall&#8217;opera, Vanessa Benelli Mosell debutta come direttrice d&#8217;orchestra nel 2018, interpretando la musica del compositore francese del XX secolo G\u00e9rard Grisey e dopo solo un anno \u00e8 Finalista nel round europeo del MAWOMA (Music And Women Maestra), il primo concorso internazionale per donne direttrici d&#8217;orchestra.<\/p>\n<p>Come pianista ha al suo attivo dieci pubblicazioni discografiche per DECCA CLASSICS passando da Stockhausen e il dramma dell&#8217;opera italiana nell&#8217;album Casta Diva, attraverso i Due libri di Preludi di Debussy fino al suo ultimo album solistico interamente dedicato alla musica di Chopin. Nel 2024 ha intrapreso un tour in Cina come solista con il Maggio Musicale Fiorentino diretto dal leggendario Maestro Zubin Mehta e ha debuttato con l&#8217;Orchestra del Teatro alla Scala. Le ultime stagioni l&#8217;hanno vista esibirsi con l&#8217;Orchestre National de France sotto la direzione di Sir George Benjamin, con l&#8217;Orchestre Philharmonique de Radio France sotto Mikko Franck, concerti all&#8217;Al Bustan Festival di Beirut e con l&#8217;Orquesta Sinf\u00f3nica Sim\u00f3n Bol\u00edvar de Venezuela e Diego Matheuz; con la Royal Scottish National Orchestra eseguendo il Concerto in Sol di Ravel con infuenze jazzistiche, concerti al Royal Festival di Londra con la London Philharmonic e alla Cadogan Hall con la Royal Philharmonic. Pi\u00f9 di recente si \u00e8 esibita con l&#8217;Orchestre National du Capitole de Toulouse, con l&#8217;Orchestre National de Lyon e in concerti al Festival Pr\u00e9sences di Parigi, Grame Lyon, Paris Philharmonie e con la Sinfonieorchester Liechtenstein sotto la direzione di John Axelrod.<\/p>\n<p>I momenti salienti della sua carriera da solista includono esibizioni alla Scala di Milano e al Teatro Regio di Torino; recital da solista al Muziekgebouw di Amsterdam e al Seoul Arts Center; concerti alla National Concert Hall di Dublino in Irlanda per RT\u00c9 e al Beijing National Centre for the Performing Arts; elogiate le esibizioni alla Salle Gaveau e all&#8217;Auditorium de Radio France di Parigi, all&#8217;Auditorio Nacional di Madrid, al Palau de la Musica Catalana di Barcellona, alla Glasgow Royal Concert Hall, all&#8217;Usher Hall di Edimburgo e alla Wigmore Hall di Londra. Conosciuta in tutto il mondo per le sue esecuzioni dei Klavierst\u00fccke di Stockhausen, \u00e8 stata invitata dal compositore a studiare con lui, poich\u00e9 riteneva che lei &#8220;avesse il potere di far apprezzare la mia musica alle persone&#8221;. Benelli Mosell ha lavorato a stretto contatto con il compositore e lui continua a essere un&#8217;importante influenza, incoraggiando la sua passione per la musica contemporanea.<\/p>\n<p>Da quando \u00e8 diventata una figura chiave nella musica di Stockhausen, Benelli Mosell ha collaborato con molti importanti compositori contemporanei tra cui George Benjamin, Olga Neuwirth, Hugues Dufourt, Philippe Schoeller, Vittorio Montalti, Claire-Melanie Sinnhuber e Marco Stroppa, essendo la dedicataria di molte delle loro opere e realizzando anche prime nazionali e internazionali.<\/p>\n<p>Durante la sua carriera \u00e8 venuta in contatto con grandi artisti di altre forme d\u2019arte, collaborando fra gli altri con Patty Smith, G\u00e9rard Depardieu, Roberto Benigni, Fabrice Luchini o Roberto Bolle&#8230;<\/p>\n<p>Vanessa Benelli Mosell ha iniziato i suoi studi musicali all&#8217;et\u00e0 di tre anni esibendosi in pubblico l&#8217;anno successivo. A sette anni \u00e8 entrata all&#8217;Accademia Pianistica Internazionale di Imola, debuttando in orchestra come solista all&#8217;et\u00e0 di nove anni, seguito dalla sua apparizione a New York a undici anni con il pianista Pascal Rog\u00e9, che l&#8217;ha descritta come &#8220;il talento musicale pi\u00f9 naturale che abbia mai incontrato in tutta la mia vita&#8221;. Nel 2007 ha continuato i suoi studi al Conservatorio Tchaikovsky di Mosca sotto Mikhail Voskresensky, prima di ottenere la Laurea biennale presso il Royal College of Music di Londra nel 2012, dove ha studiato con Dmitri Alexeev.<\/p>\n<p>Dopo l\u2019avvio alla sua formazione con Luca Pfaff a Strasburgo, Benelli Mosell ha proseguito gli studi presso il Conservatorio della Svizzera Italiana di Lugano con il Prof. Arturo Tamayo e successivamente presso la Hochschule f\u00fcr Musik &#8220;Franz Liszt&#8221; di Weimar nella classe del Prof. Ekhart Wycik e Prof. Gregor B\u00fchl, studiando anche Direzione di coro con il Prof. J\u00fcrgen Puschbeck. Si \u00e8 perfezionata con Mikko Franck, Cristian Macelaru, Daniel Harding, Neeme J\u00e4rvi, Nicolas Pasquet, Colin Metters e Uros Lajovic. \u00c9 stata inoltre selezionata come Active Conductor da Paavo J\u00e4rvi per prendere parte alla J\u00e4rvi Conducting Academy dirigendo al P\u00e4rnu Music Festival e da Peter E\u00f6tv\u00f6s per la Peter E\u00f6tv\u00f6s Contemporary Music Foundation Conducting Academy.<\/p>\n<p>Benelli Mosell ha ricevuto anche una formazione musicale in violino, canto, cembalo\/bassocontinuo, lettura della partitura, e composizione oltre che come corripetitrice per il repertorio operistico.<\/p>\n<p>&nbsp;<\/p>\n<p style=\"text-align: center;\"><strong><em>Questa biografia non pu\u00f2 essere modificata senza consenso.<\/em><\/strong><\/p>\n<p>&nbsp;<\/p>\n<p style=\"text-align: left;\"><strong>MANAGEMENT PER L&#8217;ITALIA<\/strong><br \/>APM &#8211; Alessandro Panetto Management<br \/>tel.\/fax: 0444 970612<br \/>Email: alessandro@apmanagement.eu<br \/>Web: <a href=\"https:\/\/apmanagement.eu\/it\">www.apmanagement.eu<\/a><\/p>\n<p>&nbsp;<\/p>\n<div class='one_half'>\n\t\t\t\t\t<p style=\"text-align: center;\">Scarica\u00a0<a href=\"https:\/\/apmanagement.eu\/it\/wp-content\/uploads\/2026\/05\/Biografia_VanessaBenelliMosell_2026.pdf\">Biografia Vanessa Benelli Mosell in PDF<\/a><\/p>\n\t\t\t\t<\/div><div class='one_half et_column_last'>\n\t\t\t\t\t<p style=\"text-align: center;\">Scopri di pi\u00f9\u00a0<a href=\"https:\/\/www.vanessabenellimosell.com\/index.php\">www.vanessabenellimosell.com<\/a><\/p>\n\t\t\t\t<\/div><div class='clear'><\/div><\/p>\n<p>[\/et_pb_text][\/et_pb_column][\/et_pb_row][et_pb_row column_structure=&#8221;1_2,1_2&#8243; _builder_version=&#8221;4.16&#8243; global_colors_info=&#8221;{}&#8221;][et_pb_column type=&#8221;1_2&#8243; _builder_version=&#8221;4.16&#8243; custom_padding=&#8221;|||&#8221; global_colors_info=&#8221;{}&#8221; custom_padding__hover=&#8221;|||&#8221;][et_pb_button button_url=&#8221;https:\/\/apmanagement.eu\/it\/vanessa-benelli-mosell-video-gallery\/&#8221; button_text=&#8221;VIDEO GALLERY&#8221; button_alignment=&#8221;right&#8221; admin_label=&#8221;VID GAL&#8221; _builder_version=&#8221;4.19.4&#8243; custom_button=&#8221;on&#8221; button_text_color=&#8221;#b5aba1&#8243; button_border_color=&#8221;#6e6760&#8243; button_icon_color=&#8221;#6e6760&#8243; global_colors_info=&#8221;{}&#8221;][\/et_pb_button][\/et_pb_column][et_pb_column type=&#8221;1_2&#8243; _builder_version=&#8221;4.16&#8243; custom_padding=&#8221;|||&#8221; global_colors_info=&#8221;{}&#8221; custom_padding__hover=&#8221;|||&#8221;][et_pb_button button_url=&#8221;https:\/\/apmanagement.eu\/it\/vanessa-benelli-mosell-foto-gallery\/&#8221; button_text=&#8221;FOTO GALLERY&#8221; button_alignment=&#8221;left&#8221; admin_label=&#8221;PIC GAL&#8221; _builder_version=&#8221;4.19.4&#8243; custom_button=&#8221;on&#8221; button_text_color=&#8221;#b5aba1&#8243; button_border_color=&#8221;#6e6760&#8243; button_icon_color=&#8221;#6e6760&#8243; global_colors_info=&#8221;{}&#8221;][\/et_pb_button][\/et_pb_column][\/et_pb_row][et_pb_row _builder_version=&#8221;4.16&#8243; background_size=&#8221;initial&#8221; background_position=&#8221;top_left&#8221; background_repeat=&#8221;repeat&#8221; global_colors_info=&#8221;{}&#8221;][et_pb_column type=&#8221;4_4&#8243; _builder_version=&#8221;4.16&#8243; custom_padding=&#8221;|||&#8221; global_colors_info=&#8221;{}&#8221; custom_padding__hover=&#8221;|||&#8221;][et_pb_text _builder_version=&#8221;4.16&#8243; global_colors_info=&#8221;{}&#8221;]<\/p>\n<p><code><\/p>\n\n<p><\/code><\/p>\n<p>[\/et_pb_text][\/et_pb_column][\/et_pb_row][\/et_pb_section]<\/p>\n","protected":false},"excerpt":{"rendered":"<p>Vanessa Benelli Mosell si esibisce regolarmente nelle pi\u00f9 prestigiose sale da concerto e con importanti orchestre in tutto il mondo. Nel suo sviluppo come artista ha attinto alla saggezza di mentori come Daniel Harding, Mikko Franck, Cristian M\u00e3celaru, Karlheinz Stockhausen, George Benjamin e Paavo J\u00e4rvi&#8230;<\/p>\n","protected":false},"author":2,"featured_media":4062,"comment_status":"closed","ping_status":"closed","sticky":false,"template":"","format":"standard","meta":{"_et_pb_use_builder":"on","_et_pb_old_content":"","_et_gb_content_width":"","footnotes":""},"categories":[16,5,100],"tags":[],"class_list":["post-4247","post","type-post","status-publish","format-standard","has-post-thumbnail","hentry","category-conductors","category-piano","category-vanessa-benelli-mosell-direttrice"],"_links":{"self":[{"href":"https:\/\/apmanagement.eu\/it\/wp-json\/wp\/v2\/posts\/4247","targetHints":{"allow":["GET"]}}],"collection":[{"href":"https:\/\/apmanagement.eu\/it\/wp-json\/wp\/v2\/posts"}],"about":[{"href":"https:\/\/apmanagement.eu\/it\/wp-json\/wp\/v2\/types\/post"}],"author":[{"embeddable":true,"href":"https:\/\/apmanagement.eu\/it\/wp-json\/wp\/v2\/users\/2"}],"replies":[{"embeddable":true,"href":"https:\/\/apmanagement.eu\/it\/wp-json\/wp\/v2\/comments?post=4247"}],"version-history":[{"count":35,"href":"https:\/\/apmanagement.eu\/it\/wp-json\/wp\/v2\/posts\/4247\/revisions"}],"predecessor-version":[{"id":7833,"href":"https:\/\/apmanagement.eu\/it\/wp-json\/wp\/v2\/posts\/4247\/revisions\/7833"}],"wp:featuredmedia":[{"embeddable":true,"href":"https:\/\/apmanagement.eu\/it\/wp-json\/wp\/v2\/media\/4062"}],"wp:attachment":[{"href":"https:\/\/apmanagement.eu\/it\/wp-json\/wp\/v2\/media?parent=4247"}],"wp:term":[{"taxonomy":"category","embeddable":true,"href":"https:\/\/apmanagement.eu\/it\/wp-json\/wp\/v2\/categories?post=4247"},{"taxonomy":"post_tag","embeddable":true,"href":"https:\/\/apmanagement.eu\/it\/wp-json\/wp\/v2\/tags?post=4247"}],"curies":[{"name":"wp","href":"https:\/\/api.w.org\/{rel}","templated":true}]}}