{"id":4807,"date":"2022-10-21T15:52:57","date_gmt":"2022-10-21T13:52:57","guid":{"rendered":"https:\/\/apmanagement.eu\/it\/?p=4807"},"modified":"2022-10-24T09:27:59","modified_gmt":"2022-10-24T07:27:59","slug":"trio-poeme-la-nuova-esperienza-in-tour-di-elisso-godibedaschwili","status":"publish","type":"post","link":"https:\/\/apmanagement.eu\/it\/trio-poeme-la-nuova-esperienza-in-tour-di-elisso-godibedaschwili\/","title":{"rendered":"Trio Po\u00e8me: la nuova esperienza in tour di Elisso Godibedaschwili"},"content":{"rendered":"<p>[et_pb_section fb_built=&#8221;1&#8243; _builder_version=&#8221;4.9.4&#8243; _module_preset=&#8221;default&#8221; custom_padding=&#8221;||4px|||&#8221;][et_pb_row _builder_version=&#8221;4.9.4&#8243; _module_preset=&#8221;default&#8221;][et_pb_column type=&#8221;4_4&#8243; _builder_version=&#8221;4.9.4&#8243; _module_preset=&#8221;default&#8221;][et_pb_text _builder_version=&#8221;4.9.4&#8243; _module_preset=&#8221;default&#8221; hover_enabled=&#8221;0&#8243; sticky_enabled=&#8221;0&#8243;]<\/p>\n<h5>\u00a0<\/h5>\n<h5>\u00a0<\/h5>\n<h5 id=\"tw-target-text\" class=\"tw-data-text tw-text-large tw-ta\" dir=\"ltr\" data-placeholder=\"Translation\"><span class=\"Y2IQFc\" lang=\"it\">Elisso Gogibedaschwili ha vinto la borsa di studio del \u201eDeutscher Musikrat\u201c per la Stagione 22\/23<\/span><\/h5>\n<p>&nbsp;<\/p>\n<p>Dopo aver vinto la borsa di studio del &#8220;Deutscher Musikrat&#8221; per la stagione 22\/23, nei prossimi mesi Elisso Gogibedaschwili sar\u00e0 in tourn\u00e9e con il nuovo <strong>Trio Po\u00e8me <\/strong>in Germania. Gli altri due componenti del trio sono Cosima Federle (violoncello) e Gabriel Yeo (pianoforte). Alcuni dei migliori giovani talenti della musica classica si sono incontrati al Deutcher Musik Wettweber dal 4 al 10 agosto in occasione del famoso concorso musicale organizzato a Bonn. Pi\u00f9 di 100 giovani musicisti si sono sfidati in questa competizione.<\/p>\n<p>Il Trio Po\u00e8me eseguir\u00e0 due diversi programmi durante il suo tour:<\/p>\n<p>Programma 1:<br \/><em>Robert Kahn: Serenade op. 73 f-Minor<\/em><br \/><em>Felix Mendelssohn: Piano Trio No. 2 op. 66 c-Minor<\/em><br \/><em>\u2014\u2014<\/em><br \/><em>Ludwig van Beethoven: Piano Trio op. 97 \u201eArchduke\u201c B flat-Major<\/em><\/p>\n<p>Programma 2:<br \/><em>Johannes Brahms: Piano Pieces op. 118\u00a0<\/em><em>(Selection)<\/em><br \/><em>Robert Schumann: Piano Trio No. 3 op. 110 g-Minor<\/em><br \/><em>\u2014\u2014<\/em><br \/><em>Maurice Ravel: Sonata for Violin and Violoncello<\/em><br \/><em>Astor Piazzolla: Las Cuatro Estaciones Porte\u00f1as<\/em><\/p>\n<p>&nbsp;<\/p>\n<p>&nbsp;<\/p>\n<p><img loading=\"lazy\" decoding=\"async\" class=\"wp-image-4813 size-large aligncenter\" src=\"https:\/\/apmanagement.eu\/it\/wp-content\/uploads\/2022\/10\/Trio-Poe\u0300me_4-1024x682.jpeg\" alt=\"\" width=\"1024\" height=\"682\" srcset=\"https:\/\/apmanagement.eu\/it\/wp-content\/uploads\/2022\/10\/Trio-Poe\u0300me_4-1024x682.jpeg 1024w, https:\/\/apmanagement.eu\/it\/wp-content\/uploads\/2022\/10\/Trio-Poe\u0300me_4-300x200.jpeg 300w, https:\/\/apmanagement.eu\/it\/wp-content\/uploads\/2022\/10\/Trio-Poe\u0300me_4-768x512.jpeg 768w, https:\/\/apmanagement.eu\/it\/wp-content\/uploads\/2022\/10\/Trio-Poe\u0300me_4-1536x1023.jpeg 1536w, https:\/\/apmanagement.eu\/it\/wp-content\/uploads\/2022\/10\/Trio-Poe\u0300me_4-1080x720.jpeg 1080w, https:\/\/apmanagement.eu\/it\/wp-content\/uploads\/2022\/10\/Trio-Poe\u0300me_4-1280x853.jpeg 1280w, https:\/\/apmanagement.eu\/it\/wp-content\/uploads\/2022\/10\/Trio-Poe\u0300me_4-980x653.jpeg 980w, https:\/\/apmanagement.eu\/it\/wp-content\/uploads\/2022\/10\/Trio-Poe\u0300me_4-480x320.jpeg 480w, https:\/\/apmanagement.eu\/it\/wp-content\/uploads\/2022\/10\/Trio-Poe\u0300me_4.jpeg 1600w\" sizes=\"(max-width: 1024px) 100vw, 1024px\" \/><\/p>\n<p style=\"text-align: center;\"><strong>TUTTE LE DATE:<\/strong><\/p>\n<p style=\"text-align: center;\">1.10. K\u00f6nigs Wusterhausen<br \/>12.10. Leipzig<br \/>30.10. Heide<br \/>6.11. Salzgitter<br \/>19.11. Tegernsee<br \/>20.11. Dinkelsb\u00fchl<br \/>4.12. Diepholz<br \/>8.1.23\u00a0 Telgte<br \/>7.5.23 Satrup<br \/>21.5.23 Bad Saulgau<br \/>2.6.23 Krefeld<\/p>\n<p style=\"text-align: center;\">\n<p style=\"text-align: center;\">\n<p style=\"text-align: center;\">\n<p>Tuttavia, i piani di Elisso non sono finiti. Il 26 novembre sar\u00e0 a Porto Alegre (Brasile) dove eseguir\u00e0 il Concerto per violino n. 1 di Shostakovich con l&#8217;Orchestra Sinfonica de Porto Alegre e il Direttore Evandro Matt\u00e9.<\/p>\n<p>Alla fine dell&#8217;anno si esibir\u00e0 anche in tre concerti a Leutkirch, Isny \u200b\u200be Wagnen con il direttore Marcus Hartmann e la St\u00e4dteorchester W\u00fcrttembergische Allg\u00e4u.<\/p>\n<p>Ultimo ma non meno importante, si esibir\u00e0 questa domenica, 23 ottobre, per l&#8217;evento PODIUM Konzerte al TAK Theater Liechtenstein, dove ha suonato per la prima volta nel 2010.<\/p>\n<p>[\/et_pb_text][\/et_pb_column][\/et_pb_row][et_pb_row column_structure=&#8221;1_3,1_3,1_3&#8243; _builder_version=&#8221;4.9.4&#8243; _module_preset=&#8221;default&#8221;][et_pb_column type=&#8221;1_3&#8243; _builder_version=&#8221;4.9.4&#8243; _module_preset=&#8221;default&#8221;][et_pb_image src=&#8221;https:\/\/apmanagement.eu\/it\/wp-content\/uploads\/2022\/06\/@Photo-Murialdo-Elisso-Gogibedaschwili-19-scaled.jpg&#8221; title_text=&#8221;@Photo Murialdo Elisso Gogibedaschwili 19&#8243; _builder_version=&#8221;4.9.4&#8243; _module_preset=&#8221;default&#8221;][\/et_pb_image][\/et_pb_column][et_pb_column type=&#8221;1_3&#8243; _builder_version=&#8221;4.9.4&#8243; _module_preset=&#8221;default&#8221;][et_pb_image src=&#8221;https:\/\/apmanagement.eu\/it\/wp-content\/uploads\/2022\/06\/@Photo-Murialdo-Elisso-Gogibedaschwili-21-scaled.jpg&#8221; title_text=&#8221;@Photo Murialdo Elisso Gogibedaschwili 21&#8243; _builder_version=&#8221;4.9.4&#8243; _module_preset=&#8221;default&#8221;][\/et_pb_image][\/et_pb_column][et_pb_column type=&#8221;1_3&#8243; _builder_version=&#8221;4.9.4&#8243; _module_preset=&#8221;default&#8221;][et_pb_image src=&#8221;https:\/\/apmanagement.eu\/it\/wp-content\/uploads\/2022\/06\/@Photo-Murialdo-Elisso-Gogibedaschwili-31-scaled.jpg&#8221; title_text=&#8221;@Photo Murialdo Elisso Gogibedaschwili 31&#8243; _builder_version=&#8221;4.9.4&#8243; _module_preset=&#8221;default&#8221;][\/et_pb_image][\/et_pb_column][\/et_pb_row][et_pb_row column_structure=&#8221;1_3,1_3,1_3&#8243; _builder_version=&#8221;4.9.4&#8243; _module_preset=&#8221;default&#8221;][et_pb_column type=&#8221;1_3&#8243; _builder_version=&#8221;4.9.4&#8243; _module_preset=&#8221;default&#8221;][\/et_pb_column][et_pb_column type=&#8221;1_3&#8243; _builder_version=&#8221;4.9.4&#8243; _module_preset=&#8221;default&#8221;][et_pb_button button_url=&#8221;https:\/\/apmanagement.eu\/it\/elisso-gogibedaschwili\/&#8221; button_text=&#8221;Scopri di pi\u00f9 su Elisso&#8221; button_alignment=&#8221;center&#8221; _builder_version=&#8221;4.9.4&#8243; _module_preset=&#8221;default&#8221;][\/et_pb_button][\/et_pb_column][et_pb_column type=&#8221;1_3&#8243; _builder_version=&#8221;4.9.4&#8243; _module_preset=&#8221;default&#8221;][\/et_pb_column][\/et_pb_row][\/et_pb_section]<\/p>\n","protected":false},"excerpt":{"rendered":"<p>Dopo aver vinto la borsa di studio del &#8220;Deutscher Musikrat&#8221; per la stagione 22\/23, nei prossimi mesi Elisso Gogibedaschwili sar\u00e0 in tourn\u00e9e con il nuovo Trio Po\u00e8me in Germania. Gli altri due componenti del trio sono Cosima Federle (violoncello) e Gabriel Yeo&#8230;<\/p>\n","protected":false},"author":2,"featured_media":4812,"comment_status":"closed","ping_status":"closed","sticky":false,"template":"","format":"standard","meta":{"_et_pb_use_builder":"on","_et_pb_old_content":"","_et_gb_content_width":"","footnotes":""},"categories":[81],"tags":[],"class_list":["post-4807","post","type-post","status-publish","format-standard","has-post-thumbnail","hentry","category-news"],"_links":{"self":[{"href":"https:\/\/apmanagement.eu\/it\/wp-json\/wp\/v2\/posts\/4807","targetHints":{"allow":["GET"]}}],"collection":[{"href":"https:\/\/apmanagement.eu\/it\/wp-json\/wp\/v2\/posts"}],"about":[{"href":"https:\/\/apmanagement.eu\/it\/wp-json\/wp\/v2\/types\/post"}],"author":[{"embeddable":true,"href":"https:\/\/apmanagement.eu\/it\/wp-json\/wp\/v2\/users\/2"}],"replies":[{"embeddable":true,"href":"https:\/\/apmanagement.eu\/it\/wp-json\/wp\/v2\/comments?post=4807"}],"version-history":[{"count":10,"href":"https:\/\/apmanagement.eu\/it\/wp-json\/wp\/v2\/posts\/4807\/revisions"}],"predecessor-version":[{"id":4822,"href":"https:\/\/apmanagement.eu\/it\/wp-json\/wp\/v2\/posts\/4807\/revisions\/4822"}],"wp:featuredmedia":[{"embeddable":true,"href":"https:\/\/apmanagement.eu\/it\/wp-json\/wp\/v2\/media\/4812"}],"wp:attachment":[{"href":"https:\/\/apmanagement.eu\/it\/wp-json\/wp\/v2\/media?parent=4807"}],"wp:term":[{"taxonomy":"category","embeddable":true,"href":"https:\/\/apmanagement.eu\/it\/wp-json\/wp\/v2\/categories?post=4807"},{"taxonomy":"post_tag","embeddable":true,"href":"https:\/\/apmanagement.eu\/it\/wp-json\/wp\/v2\/tags?post=4807"}],"curies":[{"name":"wp","href":"https:\/\/api.w.org\/{rel}","templated":true}]}}