{"id":5268,"date":"2023-02-22T08:30:08","date_gmt":"2023-02-22T07:30:08","guid":{"rendered":"https:\/\/apmanagement.eu\/it\/?p=5268"},"modified":"2023-02-23T08:48:32","modified_gmt":"2023-02-23T07:48:32","slug":"massimiliano-caldi-a-bialystok-per-la-cavalleria-rusticana-e-via-crucis","status":"publish","type":"post","link":"https:\/\/apmanagement.eu\/it\/massimiliano-caldi-a-bialystok-per-la-cavalleria-rusticana-e-via-crucis\/","title":{"rendered":"Massimiliano Caldi a Bia\u0142ystok per Cavalleria Rusticana e Via Crucis"},"content":{"rendered":"<p>[et_pb_section fb_built=&#8221;1&#8243; _builder_version=&#8221;4.16&#8243; _module_preset=&#8221;default&#8221; custom_padding=&#8221;||3px|||&#8221; global_colors_info=&#8221;{}&#8221;][et_pb_row _builder_version=&#8221;4.16&#8243; _module_preset=&#8221;default&#8221; global_colors_info=&#8221;{}&#8221;][et_pb_column type=&#8221;4_4&#8243; _builder_version=&#8221;4.16&#8243; _module_preset=&#8221;default&#8221; global_colors_info=&#8221;{}&#8221;][et_pb_text _builder_version=&#8221;4.19.4&#8243; _module_preset=&#8221;default&#8221; text_orientation=&#8221;justified&#8221; hover_enabled=&#8221;0&#8243; global_colors_info=&#8221;{}&#8221; sticky_enabled=&#8221;0&#8243;]<div id=\"attachment_4132\" style=\"width: 488px\" class=\"wp-caption alignleft\"><img loading=\"lazy\" decoding=\"async\" aria-describedby=\"caption-attachment-4132\" class=\"wp-image-4132 \" src=\"https:\/\/apmanagement.eu\/it\/wp-content\/uploads\/2022\/03\/ASMC-dk-1738-1024x683.jpg\" alt=\"\" width=\"478\" height=\"319\" \/><p id=\"caption-attachment-4132\" class=\"wp-caption-text\">@Dariusz Kulesza<\/p><\/div><\/p>\n<p>&nbsp;<\/p>\n<p class=\"p1\" style=\"text-align: left;\">Dopo il grande successo per il debutto di &#8220;Il Don Bucefalo&#8221; all&#8217;Opera Baltica di Danzica nel 2020, <span style=\"font-weight: 400;\">Massimiliano Caldi torna in Polonia per un&#8217;altra grande produzione d&#8217;opera: diriger\u00e0 l&#8217;<a href=\"https:\/\/www.oifp.eu\/?lang=en\">Orchestra and Chorus of the Podlasie Opera and Philharmonic<\/a> &#8211; <\/span><span style=\"font-weight: 400;\">nella citt\u00e0 di Bia\u0142ystok &#8211; tra marzo e aprile 2023. Andranno in scena <em>Via Crucis<\/em> di Pawe\u0142 \u0141ukaszewski e <em>Cavalleria Rusticana<\/em> di Pietro Mascagni, con la <strong>regia di Micha\u0142 Znaniecki<\/strong>.<\/span><\/p>\n<p><span style=\"font-weight: 400;\">La Prima sar\u00e0 venerd\u00ec 3 marzo 2023.<\/span><\/p>\n<p><span style=\"font-weight: 400;\">Le repliche avranno luogo tutti i weekend di marzo e l&#8217;1, 2, 5 aprile <\/span><span style=\"font-weight: 400;\">presso l&#8217;European Art Centre di Bia\u0142ystok, terminando a cavallo della Pasqua.<\/span><\/p>\n<p>&nbsp;<\/p>\n<p>&nbsp;<\/p>\n<p>&nbsp;<\/p>\n<p><span style=\"font-weight: 400;\">Il progetto si avvale del patrocinio e del supporto dell&#8217;<a href=\"https:\/\/iicvarsavia.esteri.it\/iic_varsavia\/it\/\">Istituto Italiano di Cultura di Varsavia<\/a>.<\/span><\/p>\n<p><img loading=\"lazy\" decoding=\"async\" class=\"wp-image-5278 alignnone size-full\" src=\"https:\/\/apmanagement.eu\/it\/wp-content\/uploads\/2023\/03\/download.png\" alt=\"\" width=\"275\" height=\"183\" \/><\/p>\n<p>&nbsp;<\/p>\n<p>\u201cCavalleria Rusticana&#8221;, 1890, atto unico di Pietro Mascagni: una delle opere pi\u00f9 celebri e pi\u00f9 eseguite di tutti i tempi. Tuttavia, nonostante la fama e la fortuna di cui da sempre gode la partitura, il Maestro Massimiliano Caldi sente di volere e di dovere ridare giustizia. Questo gi\u00e0 da circa 25 anni, ovvero dai tempi dei suoi primi approcci con questo capolavoro del &#8220;Verismo&#8221;.<\/p>\n<p>Circa sei anni fa, quando fu invitato a scrivere una tesi di Dottorato da Klaudiusz Baran, Rettore dell&#8217;Universit\u00e0 Musicale &#8220;F. Chopin&#8221; di Varsavia, Massimiliano Caldi scelse proprio questo argomento: &#8220;Cavalleria Rusticana: fedelt\u00e0 al testo o tradizione esecutiva?&#8221;.<\/p>\n<p>Nel corso delle sue ricerche per cercare di capire innanzitutto perch\u00e9 anche lo stesso Mascagni l&#8217;avesse incisa su disco nel 1940 interpretandola cos\u00ec diversamente (soprattutto nelle scelte dei tempi) da come la scrisse 50 anni prima, Massimiliano Caldi scopr\u00ec che gli unici due manoscritti esistenti (che si trovano uno al Conservatorio di Roma e l&#8217;altro alla Stanford Music University in California) presentavano una versione dell&#8217;opera pi\u00f9 lunga e differente &#8211; anche dal punto di vista drammaturgico &#8211; da quella che i pubblici di tutto il mondo sono abituati ad ascoltare da pi\u00f9 di 130 anni.<\/p>\n<p>Mentre ultimava i suoi scritti, a Massimiliano Caldi venne l&#8217;idea di ricostruire la partitura originaria di Mascagni poco pi\u00f9 di 130 anni dopo, dandole nuovamente giustizia e facendola ascoltare come usc\u00ec dalla testa del giovane e talentuoso compositore. Questo sar\u00e0 un progetto che dovrebbe prender forma in un futuro non troppo lontano.<\/p>\n<p>Il pubblico del Teatro dell&#8217;Opera di Podlasie di Bia\u0142ystok ascolter\u00e0 pertanto Venerd\u00ec 3 Marzo (con altre 13 repliche fino a Pasqua) la nota e tradizionale versione dell&#8217;opera &#8211; come gi\u00e0 successe a Varsavia a novembre 2019, quando Massimiliano Caldi diresse il suo concerto di Dottorato &#8211; scevra da quelle vecchie tradizioni esecutive che appiattiscono la spontaneit\u00e0 e l&#8217;emotivit\u00e0 presenti originariamente nelle intenzioni del giovane compositore livornese.<\/p>\n<p>L&#8217;opera verr\u00e0 preceduta da un altro splendido atto unico, &#8220;Via Crucis&#8221; di Pawe\u0142 \u0141ukaszewski, uno dei compositori polacchi pi\u00f9 attivi nel panorama musicale mondiale.<\/p>\n<p><strong>Entrambe le partiture si avvarranno della geniale e visionaria regia del varsaviano Micha\u0142 Znaniecki<\/strong>, figura ben nota al pubblico Europeo e Sudamericano, che unir\u00e0 magistralmente le due composizioni in un &#8220;unicum&#8221;, senza soluzione di continuit\u00e0, come ci spiega lo stesso regista: <strong>&#8220;La Pasqua diventer\u00e0 la chiave per combinare i due titoli&#8221;<\/strong>. L&#8217;azione dell&#8217;opera di Mascagni si svolge la mattina della domenica di Pasqua. La &#8220;Via Crucis&#8221; nella versione originale di \u0141ukaszewski non \u00e8 solo il Venerd\u00ec Santo e la sua processione sulle orme dell&#8217;ultimo viaggio di Cristo, ma anche la sua risurrezione. Questo crea una trama molto importante per l&#8217;idea rivoluzionaria di Mascagni, che combatt\u00e9 per il realismo spazio-temporale nella narrazione del libretto dell&#8217;opera. Nella messa in scena, personaggi di Cavalleria possono partecipare alla Via Crucis che precede l&#8217;azione dell&#8217;opera di Mascagni. I loro flirt, relazioni, conflitti e caratteri saranno svelati nella prima parte del dittico. I personaggi parteciperanno come spettatori o come attori della Via Crucis. Si incontreranno in primo piano durante la cerimonia di venerd\u00ec. Questo chiarir\u00e0 la trama e getter\u00e0 le basi per la seconda parte della serata dedicata, appunto, a &#8216;Cavalleria Rusticana&#8217; &#8220;.<\/p>\n<p>[\/et_pb_text][\/et_pb_column][\/et_pb_row][\/et_pb_section][et_pb_section fb_built=&#8221;1&#8243; _builder_version=&#8221;4.16&#8243; _module_preset=&#8221;default&#8221; custom_padding=&#8221;4px||4px|||&#8221; global_colors_info=&#8221;{}&#8221;][et_pb_row column_structure=&#8221;1_5,3_5,1_5&#8243; _builder_version=&#8221;4.16&#8243; _module_preset=&#8221;default&#8221; global_colors_info=&#8221;{}&#8221;][et_pb_column type=&#8221;1_5&#8243; _builder_version=&#8221;4.16&#8243; _module_preset=&#8221;default&#8221; global_colors_info=&#8221;{}&#8221;][\/et_pb_column][et_pb_column type=&#8221;3_5&#8243; _builder_version=&#8221;4.16&#8243; _module_preset=&#8221;default&#8221; global_colors_info=&#8221;{}&#8221;][et_pb_image src=&#8221;https:\/\/apmanagement.eu\/it\/wp-content\/uploads\/2023\/01\/plakat.jpg&#8221; title_text=&#8221;CAVALERIA RUSTICANA&#8221; _builder_version=&#8221;4.19.4&#8243; _module_preset=&#8221;default&#8221; global_colors_info=&#8221;{}&#8221;][\/et_pb_image][\/et_pb_column][et_pb_column type=&#8221;1_5&#8243; _builder_version=&#8221;4.16&#8243; _module_preset=&#8221;default&#8221; global_colors_info=&#8221;{}&#8221;][\/et_pb_column][\/et_pb_row][\/et_pb_section][et_pb_section fb_built=&#8221;1&#8243; _builder_version=&#8221;4.16&#8243; _module_preset=&#8221;default&#8221; custom_padding=&#8221;2px||5px|||&#8221; global_colors_info=&#8221;{}&#8221;][et_pb_row column_structure=&#8221;1_3,1_3,1_3&#8243; _builder_version=&#8221;4.16&#8243; _module_preset=&#8221;default&#8221; custom_padding=&#8221;4px||7px|||&#8221; global_colors_info=&#8221;{}&#8221;][et_pb_column type=&#8221;1_3&#8243; _builder_version=&#8221;4.16&#8243; _module_preset=&#8221;default&#8221; global_colors_info=&#8221;{}&#8221;][\/et_pb_column][et_pb_column type=&#8221;1_3&#8243; _builder_version=&#8221;4.16&#8243; _module_preset=&#8221;default&#8221; global_colors_info=&#8221;{}&#8221;][et_pb_button button_url=&#8221;https:\/\/apmanagement.eu\/it\/massimiliano-caldi\/&#8221; button_text=&#8221;Scopri di pi\u00f9 su Massimiliano&#8221; button_alignment=&#8221;center&#8221; _builder_version=&#8221;4.19.4&#8243; _module_preset=&#8221;default&#8221; global_colors_info=&#8221;{}&#8221;][\/et_pb_button][\/et_pb_column][et_pb_column type=&#8221;1_3&#8243; _builder_version=&#8221;4.16&#8243; _module_preset=&#8221;default&#8221; global_colors_info=&#8221;{}&#8221;][\/et_pb_column][\/et_pb_row][\/et_pb_section]<\/p>\n","protected":false},"excerpt":{"rendered":"<p>Massimiliano Caldi torna in Polonia per un&#8217;altra grande produzione d&#8217;opera: diriger\u00e0 l&#8217;Orchestra and Chorus of the Podlasie Opera and Philharmonic &#8211; nella citt\u00e0 di Bia\u0142ystok &#8211; tra marzo e aprile 2023. Andranno in scena Via Crucis di Pawe\u0142 \u0141ukaszewski e Cavalleria&#8230;<\/p>\n","protected":false},"author":2,"featured_media":4137,"comment_status":"closed","ping_status":"closed","sticky":false,"template":"","format":"standard","meta":{"_et_pb_use_builder":"on","_et_pb_old_content":"","_et_gb_content_width":"","footnotes":""},"categories":[81],"tags":[],"class_list":["post-5268","post","type-post","status-publish","format-standard","has-post-thumbnail","hentry","category-news"],"_links":{"self":[{"href":"https:\/\/apmanagement.eu\/it\/wp-json\/wp\/v2\/posts\/5268","targetHints":{"allow":["GET"]}}],"collection":[{"href":"https:\/\/apmanagement.eu\/it\/wp-json\/wp\/v2\/posts"}],"about":[{"href":"https:\/\/apmanagement.eu\/it\/wp-json\/wp\/v2\/types\/post"}],"author":[{"embeddable":true,"href":"https:\/\/apmanagement.eu\/it\/wp-json\/wp\/v2\/users\/2"}],"replies":[{"embeddable":true,"href":"https:\/\/apmanagement.eu\/it\/wp-json\/wp\/v2\/comments?post=5268"}],"version-history":[{"count":13,"href":"https:\/\/apmanagement.eu\/it\/wp-json\/wp\/v2\/posts\/5268\/revisions"}],"predecessor-version":[{"id":5408,"href":"https:\/\/apmanagement.eu\/it\/wp-json\/wp\/v2\/posts\/5268\/revisions\/5408"}],"wp:featuredmedia":[{"embeddable":true,"href":"https:\/\/apmanagement.eu\/it\/wp-json\/wp\/v2\/media\/4137"}],"wp:attachment":[{"href":"https:\/\/apmanagement.eu\/it\/wp-json\/wp\/v2\/media?parent=5268"}],"wp:term":[{"taxonomy":"category","embeddable":true,"href":"https:\/\/apmanagement.eu\/it\/wp-json\/wp\/v2\/categories?post=5268"},{"taxonomy":"post_tag","embeddable":true,"href":"https:\/\/apmanagement.eu\/it\/wp-json\/wp\/v2\/tags?post=5268"}],"curies":[{"name":"wp","href":"https:\/\/api.w.org\/{rel}","templated":true}]}}