{"id":5770,"date":"2023-06-27T14:31:44","date_gmt":"2023-06-27T12:31:44","guid":{"rendered":"https:\/\/apmanagement.eu\/it\/?p=5770"},"modified":"2023-07-11T10:07:32","modified_gmt":"2023-07-11T08:07:32","slug":"apm-vola-in-finlandia-per-il-lounais-hameen-musiikkipaivat-festival","status":"publish","type":"post","link":"https:\/\/apmanagement.eu\/it\/apm-vola-in-finlandia-per-il-lounais-hameen-musiikkipaivat-festival\/","title":{"rendered":"APM vola in Finlandia per il Lounais-H\u00e4meen Musiikkip\u00e4iv\u00e4t Festival"},"content":{"rendered":"<p>[et_pb_section fb_built=&#8221;1&#8243; _builder_version=&#8221;4.16&#8243; global_colors_info=&#8221;{}&#8221;][et_pb_row _builder_version=&#8221;4.16&#8243; background_size=&#8221;initial&#8221; background_position=&#8221;top_left&#8221; background_repeat=&#8221;repeat&#8221; custom_padding=&#8221;2px|||||&#8221; global_colors_info=&#8221;{}&#8221;][et_pb_column type=&#8221;4_4&#8243; _builder_version=&#8221;4.16&#8243; custom_padding=&#8221;|||&#8221; global_colors_info=&#8221;{}&#8221; custom_padding__hover=&#8221;|||&#8221;][et_pb_text _builder_version=&#8221;4.19.4&#8243; hover_enabled=&#8221;0&#8243; global_colors_info=&#8221;{}&#8221; sticky_enabled=&#8221;0&#8243;]<\/p>\n<p>Dopo i concerti di successo dello scorso anno in Finlandia, il pianista e direttore d&#8217;orchestra italiano <strong>Filippo Faes<\/strong> torna al <strong>Lounais-H\u00e4meen Musiikkip\u00e4iv\u00e4t<\/strong>. Questa volta APM \u00e8 stato profondamente coinvolto nell&#8217;organizzazione di questo tour e siamo estremamente orgogliosi di annunciare questa collaborazione.<\/p>\n<p>Filippo suoner\u00e0 come solista con la <strong>Kharkiv Opera and Theatre Symphony Orchestra<\/strong> e il soprano <strong>Mari Palo<\/strong>.<\/p>\n<p>Sar\u00e0 un grande evento musicale! L&#8217;ospite speciale del festival, che si svolge tra giugno e luglio, sar\u00e0 la Kharkiv Opera and Theatre Symphony Orchestra, che si esibir\u00e0 in tre concerti con un ensemble di 30 elementi. Dapprima nel parco di Forssa, poi a\u00a0 Nuutaj\u00e4rvi e a Jokioinen. Nel tradizionale concerto picnic organizzato nel parco il 1\u00b0 luglio 2023, l&#8217;orchestra sar\u00e0 guidata dal suo direttore principale Dmytro Morozov e la solista sar\u00e0 il soprano Mari Palo.<\/p>\n<p>Attualmente, la parte principale dell&#8217;orchestra dell&#8217;Opera di Kharkiv \u00e8 in Slovacchia, dove si esercita e da dove compie viaggi di spettacolo in giro per l&#8217;Europa. Alcuni dei musicisti sono ancora a Kharkiv, dove si esibiscono nei rifugi antiaerei, nelle stazioni della metropolitana e in altri spazi pubblici, portando gioia e speranza nella difficile situazione delle persone in mezzo alla guerra.<\/p>\n<p>Qui potete trovare tutto il programma della tourn\u00e9e finlandese.<\/p>\n<p><strong>Programma:<\/strong><\/p>\n<p><strong>30 giugno, Forssa<\/strong><br \/>1 parte<br \/>M. Verbytsky \u2013 S. Lyudkevych. Sinfonia n. 1 in Re-dur<br \/>G.Rossini. Ouverture dell&#8217;opera &#8220;Il barbiere di Siviglia&#8221;<br \/>W. A. Mozart, concerto per pianoforte 503<br \/>2 parte<br \/>W.A. Mozart, Sinfonia n. 40 in sol-moll<br \/>M. Ravel, Pavane pour une infante defunte (Pavane per una principessa morta)<br \/>H. Purcell, Rondeau Abdelazer \u201cLa vendetta del moro\u201d<br \/>Yu. Alzhnev, &#8220;Dittico di Natale&#8221; H. Lyashenko. &#8220;Poca pioggia&#8221;<\/p>\n<p><strong>1\u00b0 luglio, parco Jokioinen, concerto picnic<\/strong><br \/>H. Kaski, Preludio op. 7<br \/>A. Dvorak: Mesicku na nebi hlubokem (Rusalka) arr.<br \/>L. Pulakka, archi e pianoforte o arpa<br \/>G. Faur\u00e9, Sicilienne (da Pell\u00e9as et M\u00e9lisande)<br \/>G. Puccini, O mio babbino caro (Gianni Schicchi)<br \/>O. Merikanto, Kes\u00e4ilta \u2013 Valssi op.1 O. Merikanto: Omenankukat, arr. P.G.<br \/>T. Kuula, Lampaanpolska Aamulaulu, arr. P. G.<br \/>J. Sibelius, Valse triste op. 44<br \/>R. Badding Somerjoki: Valot, arr. P.G.<br \/>G.d. Godzinsky: Sulle salaisuuden kertoa m\u00e4 voisin, arr. P.G.<br \/>O. Merikanto, Pai pai paitaressu<br \/>G. Faur\u00e9: Pavane op. 50 Piazzolla: Yo soy Maria (Maria de Buenos Aires)<\/p>\n<p><strong>2 luglio Nuutaj\u00e4rvi Lasikyl\u00e4, Urjala<\/strong><br \/>W. A. Mozart, La clemenza di Tito \u2013 Ouverture<br \/>W.A. Mozart, Concerto per pianoforte e orchestra n.12, K. 414<br \/>F. Mendelssohn, Bartholdy: Ouverture delle Ebridi (la grotta di Fingal) op. 26<br \/>F. Schubert, Sinfonia in si bemolle n. 5 bis:<br \/>P. Mascagni, Cavalleria Rusticana, Intermezzo<\/p>\n<p>Toi toi toi!<\/p>\n<p><img loading=\"lazy\" decoding=\"async\" class=\"wp-image-5797 alignnone \" src=\"https:\/\/apmanagement.eu\/it\/wp-content\/uploads\/2023\/06\/iichelsinki-300x300.jpeg\" alt=\"\" width=\"204\" height=\"204\" \/><\/p>\n<p>L&#8217;evento avr\u00e0 luogo anche grazie al sostegno dell&#8217;Istituto Italiano di Cultura di Helsinki.<\/p>\n<p>[\/et_pb_text][\/et_pb_column][\/et_pb_row][et_pb_row column_structure=&#8221;1_2,1_2&#8243; _builder_version=&#8221;4.16&#8243; global_colors_info=&#8221;{}&#8221;][et_pb_column type=&#8221;1_2&#8243; _builder_version=&#8221;4.16&#8243; global_colors_info=&#8221;{}&#8221;][et_pb_button button_url=&#8221;http:\/\/www.filippofaes.com&#8221; button_text=&#8221;SCOPRI DI PI\u00d9 SU FILIPPO&#8221; button_alignment=&#8221;center&#8221; _builder_version=&#8221;4.16&#8243; global_colors_info=&#8221;{}&#8221;][\/et_pb_button][\/et_pb_column][et_pb_column type=&#8221;1_2&#8243; _builder_version=&#8221;4.16&#8243; global_colors_info=&#8221;{}&#8221;][et_pb_button button_url=&#8221;https:\/\/www.lounaishameenmusiikkipaivat.fi\/?fbclid=IwAR3n3SIRDncW0zk6mVRPpPxJobLbdV7QbQtxSMyEsQ-k58wwC-YJ8x2PW3A&#8221; button_text=&#8221;SCOPRI DI PIU&#8217; SUL FESTIVAL&#8221; button_alignment=&#8221;center&#8221; _builder_version=&#8221;4.19.4&#8243; global_colors_info=&#8221;{}&#8221;][\/et_pb_button][\/et_pb_column][\/et_pb_row][\/et_pb_section]<\/p>\n","protected":false},"excerpt":{"rendered":"<p>Dopo i concerti di successo dello scorso anno in Finlandia, il pianista e direttore d&#8217;orchestra italiano Filippo Faes torna al Lounais-H\u00e4meen Musiikkip\u00e4iv\u00e4t. Questa volta APM \u00e8 stata profondamente coinvolta nell&#8217;organizzazione di&#8230;<\/p>\n","protected":false},"author":2,"featured_media":5798,"comment_status":"closed","ping_status":"closed","sticky":false,"template":"","format":"standard","meta":{"_et_pb_use_builder":"on","_et_pb_old_content":"","_et_gb_content_width":"","footnotes":""},"categories":[81],"tags":[],"class_list":["post-5770","post","type-post","status-publish","format-standard","has-post-thumbnail","hentry","category-news"],"_links":{"self":[{"href":"https:\/\/apmanagement.eu\/it\/wp-json\/wp\/v2\/posts\/5770","targetHints":{"allow":["GET"]}}],"collection":[{"href":"https:\/\/apmanagement.eu\/it\/wp-json\/wp\/v2\/posts"}],"about":[{"href":"https:\/\/apmanagement.eu\/it\/wp-json\/wp\/v2\/types\/post"}],"author":[{"embeddable":true,"href":"https:\/\/apmanagement.eu\/it\/wp-json\/wp\/v2\/users\/2"}],"replies":[{"embeddable":true,"href":"https:\/\/apmanagement.eu\/it\/wp-json\/wp\/v2\/comments?post=5770"}],"version-history":[{"count":29,"href":"https:\/\/apmanagement.eu\/it\/wp-json\/wp\/v2\/posts\/5770\/revisions"}],"predecessor-version":[{"id":5844,"href":"https:\/\/apmanagement.eu\/it\/wp-json\/wp\/v2\/posts\/5770\/revisions\/5844"}],"wp:featuredmedia":[{"embeddable":true,"href":"https:\/\/apmanagement.eu\/it\/wp-json\/wp\/v2\/media\/5798"}],"wp:attachment":[{"href":"https:\/\/apmanagement.eu\/it\/wp-json\/wp\/v2\/media?parent=5770"}],"wp:term":[{"taxonomy":"category","embeddable":true,"href":"https:\/\/apmanagement.eu\/it\/wp-json\/wp\/v2\/categories?post=5770"},{"taxonomy":"post_tag","embeddable":true,"href":"https:\/\/apmanagement.eu\/it\/wp-json\/wp\/v2\/tags?post=5770"}],"curies":[{"name":"wp","href":"https:\/\/api.w.org\/{rel}","templated":true}]}}