{"id":5881,"date":"2023-09-14T15:25:24","date_gmt":"2023-09-14T13:25:24","guid":{"rendered":"https:\/\/apmanagement.eu\/it\/?p=5881"},"modified":"2023-09-18T12:40:35","modified_gmt":"2023-09-18T10:40:35","slug":"apm-partecipera-al-batumi-black-sea-music-and-art-festival-2023","status":"publish","type":"post","link":"https:\/\/apmanagement.eu\/it\/apm-partecipera-al-batumi-black-sea-music-and-art-festival-2023\/","title":{"rendered":"APM parteciper\u00e0 al Batumi Black Sea Music and Art Festival 2023"},"content":{"rendered":"<p>[et_pb_section fb_built=&#8221;1&#8243; _builder_version=&#8221;4.16&#8243; _module_preset=&#8221;default&#8221; custom_padding=&#8221;||4px|||&#8221; global_colors_info=&#8221;{}&#8221;][et_pb_row _builder_version=&#8221;4.16&#8243; _module_preset=&#8221;default&#8221; global_colors_info=&#8221;{}&#8221;][et_pb_column type=&#8221;4_4&#8243; _builder_version=&#8221;4.16&#8243; _module_preset=&#8221;default&#8221; global_colors_info=&#8221;{}&#8221;][et_pb_text _builder_version=&#8221;4.19.4&#8243; _module_preset=&#8221;default&#8221; global_colors_info=&#8221;{}&#8221;]<\/p>\n<h5>Dopo una breve pausa estiva, APM \u00e8 lieta di annunciare le ultime novit\u00e0 riguardanti la nostra collaborazione con Batumi!<\/h5>\n<p>&nbsp;<\/p>\n<p><strong><img loading=\"lazy\" decoding=\"async\" class=\"wp-image-6123  alignleft\" src=\"https:\/\/apmanagement.eu\/it\/wp-content\/uploads\/2023\/09\/batumi-2023-story.png\" alt=\"\" width=\"738\" height=\"1312\" \/><\/strong><\/p>\n<p>&nbsp;<\/p>\n<p>Il <strong>Batumi Black Sea Music and Art Festival<\/strong> inizier\u00e0 il 30 settembre e terminer\u00e0 l&#8217;8 ottobre 2023.<\/p>\n<p>&nbsp;<\/p>\n<p><strong>30 settembre \u2013 Apertura del Festival, Batumi Music Center<\/strong><\/p>\n<p>Gudni Emilsson, direttore d&#8217;orchestra<br \/>Giuseppe Nova, flauto<br \/>Orchestra del Festival<\/p>\n<p>Programma: G. Verdi, Phatasie su Rigoletto e Traviata<br \/>A. Dvorak, Sinfonia n.9<\/p>\n<p>&nbsp;<\/p>\n<p><strong>1 ottobre &#8211; Concerto, Batumi Music Center<\/strong><\/p>\n<p>Pietro Borgonovo, direttore d&#8217;orchestra<br \/>Anna Fedorova, pianoforte<br \/>Orchestra del Festival<\/p>\n<p>Programma:<br \/>E. Grieg | Concerto per pianoforte in la minore op. 16 Solista Anna Fedorova<br \/>Mozart &#8211; Sinfonia n. 40 in sol minore, K. 550<\/p>\n<p>&nbsp;<\/p>\n<p><strong>3 ottobre &#8211; Charity Gala Concert for the Solidarity Fund, Batumi Music Center<\/strong><\/p>\n<p>Davit Mukeria, direttore d&#8217;orchestra<br \/>Elisso Bolkvadze, pianoforte<br \/>Alexander Bedenko, clarinettista.<br \/>Orchestra del Festival<\/p>\n<p>Programma:<br \/>F. J. Haydn, Sinfonia N.86<br \/>C. M. von Weber, Concerto per clarinetto n. 1<br \/>W.A. Mozart, piano concerto n. 21<\/p>\n<p>[\/et_pb_text][\/et_pb_column][\/et_pb_row][\/et_pb_section][et_pb_section fb_built=&#8221;1&#8243; _builder_version=&#8221;4.16&#8243; _module_preset=&#8221;default&#8221; global_colors_info=&#8221;{}&#8221;][et_pb_row column_structure=&#8221;1_3,1_3,1_3&#8243; _builder_version=&#8221;4.16&#8243; _module_preset=&#8221;default&#8221; global_colors_info=&#8221;{}&#8221;][et_pb_column type=&#8221;1_3&#8243; _builder_version=&#8221;4.16&#8243; _module_preset=&#8221;default&#8221; global_colors_info=&#8221;{}&#8221;][et_pb_image src=&#8221;https:\/\/apmanagement.eu\/it\/wp-content\/uploads\/2023\/08\/P.-Borgonovo-scaled.jpg&#8221; title_text=&#8221;I Solisti della Giovine Orchestra Genovese, B.Canino pianoforte, C.Rossi violino, P.Borgonovo direttore&#8221; align=&#8221;center&#8221; _builder_version=&#8221;4.19.4&#8243; _module_preset=&#8221;default&#8221; module_alignment=&#8221;center&#8221; global_colors_info=&#8221;{}&#8221;][\/et_pb_image][\/et_pb_column][et_pb_column type=&#8221;1_3&#8243; _builder_version=&#8221;4.16&#8243; _module_preset=&#8221;default&#8221; global_colors_info=&#8221;{}&#8221;][et_pb_image src=&#8221;https:\/\/apmanagement.eu\/it\/wp-content\/uploads\/2023\/08\/Gudni-A.-Emilsson-Fotograf-Bob-Stewart-scaled.jpg&#8221; title_text=&#8221;Gudni A. Emilsson (Fotograf Bob Stewart)&#8221; align=&#8221;center&#8221; _builder_version=&#8221;4.19.4&#8243; _module_preset=&#8221;default&#8221; module_alignment=&#8221;center&#8221; global_colors_info=&#8221;{}&#8221;][\/et_pb_image][et_pb_button button_url=&#8221;https:\/\/apmanagement.eu\/it\/wp-content\/uploads\/2023\/09\/program-eng1.pdf&#8221; button_text=&#8221;SCOPRI DI PIU&#8217; SUL BATUMI FESTIVAL&#8221; _builder_version=&#8221;4.19.4&#8243; _module_preset=&#8221;default&#8221; global_colors_info=&#8221;{}&#8221;][\/et_pb_button][et_pb_image src=&#8221;https:\/\/apmanagement.eu\/it\/wp-content\/uploads\/2019\/04\/Elisso-Bolkvadze-3.jpg&#8221; title_text=&#8221;elisso bolkvadze&#8221; _builder_version=&#8221;4.19.4&#8243; _module_preset=&#8221;default&#8221; global_colors_info=&#8221;{}&#8221;][\/et_pb_image][\/et_pb_column][et_pb_column type=&#8221;1_3&#8243; _builder_version=&#8221;4.16&#8243; _module_preset=&#8221;default&#8221; global_colors_info=&#8221;{}&#8221;][et_pb_image src=&#8221;https:\/\/apmanagement.eu\/it\/wp-content\/uploads\/2023\/08\/giu10.jpeg&#8221; title_text=&#8221;_giu10&#8243; _builder_version=&#8221;4.19.4&#8243; _module_preset=&#8221;default&#8221; global_colors_info=&#8221;{}&#8221;][\/et_pb_image][\/et_pb_column][\/et_pb_row][\/et_pb_section]<\/p>\n","protected":false},"excerpt":{"rendered":"<p>APM \u00e8 lieta di annunciare le ultime novit\u00e0 riguardanti la nostra collaborazione dopo una breve pausa estiva! Il Batumi Black Sea Music and Art Festival inizier\u00e0 il 30 settembre di quest&#8217;anno e terminer\u00e0 l&#8217;8 ottobre 2023.<\/p>\n","protected":false},"author":2,"featured_media":6121,"comment_status":"closed","ping_status":"closed","sticky":false,"template":"","format":"standard","meta":{"_et_pb_use_builder":"on","_et_pb_old_content":"","_et_gb_content_width":"","footnotes":""},"categories":[81],"tags":[],"class_list":["post-5881","post","type-post","status-publish","format-standard","has-post-thumbnail","hentry","category-news"],"_links":{"self":[{"href":"https:\/\/apmanagement.eu\/it\/wp-json\/wp\/v2\/posts\/5881","targetHints":{"allow":["GET"]}}],"collection":[{"href":"https:\/\/apmanagement.eu\/it\/wp-json\/wp\/v2\/posts"}],"about":[{"href":"https:\/\/apmanagement.eu\/it\/wp-json\/wp\/v2\/types\/post"}],"author":[{"embeddable":true,"href":"https:\/\/apmanagement.eu\/it\/wp-json\/wp\/v2\/users\/2"}],"replies":[{"embeddable":true,"href":"https:\/\/apmanagement.eu\/it\/wp-json\/wp\/v2\/comments?post=5881"}],"version-history":[{"count":33,"href":"https:\/\/apmanagement.eu\/it\/wp-json\/wp\/v2\/posts\/5881\/revisions"}],"predecessor-version":[{"id":6132,"href":"https:\/\/apmanagement.eu\/it\/wp-json\/wp\/v2\/posts\/5881\/revisions\/6132"}],"wp:featuredmedia":[{"embeddable":true,"href":"https:\/\/apmanagement.eu\/it\/wp-json\/wp\/v2\/media\/6121"}],"wp:attachment":[{"href":"https:\/\/apmanagement.eu\/it\/wp-json\/wp\/v2\/media?parent=5881"}],"wp:term":[{"taxonomy":"category","embeddable":true,"href":"https:\/\/apmanagement.eu\/it\/wp-json\/wp\/v2\/categories?post=5881"},{"taxonomy":"post_tag","embeddable":true,"href":"https:\/\/apmanagement.eu\/it\/wp-json\/wp\/v2\/tags?post=5881"}],"curies":[{"name":"wp","href":"https:\/\/api.w.org\/{rel}","templated":true}]}}