{"id":6013,"date":"2023-09-04T09:27:16","date_gmt":"2023-09-04T07:27:16","guid":{"rendered":"https:\/\/apmanagement.eu\/it\/?p=6013"},"modified":"2023-09-01T14:27:37","modified_gmt":"2023-09-01T12:27:37","slug":"david-greilsammer-nel-roster-apm","status":"publish","type":"post","link":"https:\/\/apmanagement.eu\/it\/david-greilsammer-nel-roster-apm\/","title":{"rendered":"David Greilsammer nel roster APM!"},"content":{"rendered":"<p>[et_pb_section fb_built=&#8221;1&#8243; _builder_version=&#8221;4.16&#8243; global_colors_info=&#8221;{}&#8221;][et_pb_row _builder_version=&#8221;4.16&#8243; background_size=&#8221;initial&#8221; background_position=&#8221;top_left&#8221; background_repeat=&#8221;repeat&#8221; global_colors_info=&#8221;{}&#8221;][et_pb_column type=&#8221;4_4&#8243; _builder_version=&#8221;4.16&#8243; custom_padding=&#8221;|||&#8221; global_colors_info=&#8221;{}&#8221; custom_padding__hover=&#8221;|||&#8221;][et_pb_text _builder_version=&#8221;4.19.4&#8243; header_line_height=&#8221;2em&#8221; saved_tabs=&#8221;all&#8221; global_colors_info=&#8221;{}&#8221;]<span style=\"font-weight: 400;\">Siamo lieti di annunciare l\u2019ingresso del Maestro David Greilsammer nella nostra agenzia per il suo management in Italia!<\/span><\/p>\n<p><span style=\"font-weight: 400;\">David Greilsammer \u00e8 riconosciuto come uno dei direttori d&#8217;orchestra e pianisti pi\u00f9 audaci di oggi, David Greilsammer ha dato vita a numerosi progetti innovativi, anteprime mondiali e incontri rivoluzionari tra diverse arti e culture.<\/span><\/p>\n<p style=\"text-align: center;\"><strong>&#8220;<em>One of the most accomplished and adventurous musicians of his generation<\/em>&#8220;<\/strong><br \/>\n<strong>The New York Times<\/strong><\/p>\n<p>Dal 2013, David Greilsammer \u00e8 direttore musicale e artistico della Camerata di Ginevra. Oltre alle sue diverse attivit\u00e0 e progetti, David Greilsammer \u00e8 diventato nel 2022 direttore principale e direttore musicale dell&#8217;Orchestra Filarmonica di Medell\u00edn, in Colombia.<\/p>\n<p>Recentemente David \u00e8 apparso come direttore\/solista con la BBC Philharmonic, la San Francisco Symphony, la Tokyo Metropolitan Orchestra, la Hong Kong Philharmonic, la Symphoniker Hamburg, l&#8217;Orchestra Verdi di Milano, la Israel Symphony, la Philharmonique de Radio France e l&#8217;Orquesta Sinf\u00f3nica Naci\u00f3nal de M\u00e9xico.<\/p>\n<p>Per sapere di pi\u00f9 su David Greilsammer clicca <a href=\"https:\/\/apmanagement.eu\/it\/david-greilsammer\/\">qui<\/a>![\/et_pb_text][\/et_pb_column][\/et_pb_row][et_pb_row column_structure=&#8221;1_3,1_3,1_3&#8243; _builder_version=&#8221;4.16&#8243; _module_preset=&#8221;default&#8221; global_colors_info=&#8221;{}&#8221;][et_pb_column type=&#8221;1_3&#8243; _builder_version=&#8221;4.16&#8243; _module_preset=&#8221;default&#8221; global_colors_info=&#8221;{}&#8221;][et_pb_image src=&#8221;https:\/\/apmanagement.eu\/it\/wp-content\/uploads\/2023\/08\/David-Greilsammer-382-\u00a9-Julien-Mignot&#8211;scaled.jpg&#8221; title_text=&#8221;David Greilsammer 382 \u00a9 Julien Mignot&#8221; _builder_version=&#8221;4.19.4&#8243; _module_preset=&#8221;default&#8221; global_colors_info=&#8221;{}&#8221;][\/et_pb_image][\/et_pb_column][et_pb_column type=&#8221;1_3&#8243; _builder_version=&#8221;4.16&#8243; _module_preset=&#8221;default&#8221; global_colors_info=&#8221;{}&#8221;][et_pb_image src=&#8221;https:\/\/apmanagement.eu\/it\/wp-content\/uploads\/2023\/08\/David-Greilsammer-363-\u00a9-Julien-Mignot&#8211;scaled.jpg&#8221; title_text=&#8221;David Greilsammer 363 \u00a9 Julien Mignot&#8221; _builder_version=&#8221;4.19.4&#8243; _module_preset=&#8221;default&#8221; global_colors_info=&#8221;{}&#8221;][\/et_pb_image][\/et_pb_column][et_pb_column type=&#8221;1_3&#8243; _builder_version=&#8221;4.16&#8243; _module_preset=&#8221;default&#8221; global_colors_info=&#8221;{}&#8221;][et_pb_image src=&#8221;https:\/\/apmanagement.eu\/it\/wp-content\/uploads\/2023\/08\/David-Greilsammer-68-\u00a9-Elias-Amari-scaled.jpg&#8221; title_text=&#8221;David Greilsammer 68 \u00a9 Elias Amari&#8221; _builder_version=&#8221;4.19.4&#8243; _module_preset=&#8221;default&#8221; global_colors_info=&#8221;{}&#8221;][\/et_pb_image][\/et_pb_column][\/et_pb_row][\/et_pb_section]<\/p>\n","protected":false},"excerpt":{"rendered":"<p>Siamo lieti di annunciare l\u2019ingresso del Maestro David Greilsammer nella nostra agenzia per il suo management in Italia! David Greilsammer \u00e8 riconosciuto come uno dei direttori d&#8217;orchestra e pianisti pi\u00f9 audaci di oggi, David Greilsammer ha dato vita a numerosi progetti innovativi, anteprime mondiali&#8230;<\/p>\n","protected":false},"author":2,"featured_media":6014,"comment_status":"closed","ping_status":"closed","sticky":false,"template":"","format":"standard","meta":{"_et_pb_use_builder":"on","_et_pb_old_content":"","_et_gb_content_width":"","footnotes":""},"categories":[81],"tags":[],"class_list":["post-6013","post","type-post","status-publish","format-standard","has-post-thumbnail","hentry","category-news"],"_links":{"self":[{"href":"https:\/\/apmanagement.eu\/it\/wp-json\/wp\/v2\/posts\/6013","targetHints":{"allow":["GET"]}}],"collection":[{"href":"https:\/\/apmanagement.eu\/it\/wp-json\/wp\/v2\/posts"}],"about":[{"href":"https:\/\/apmanagement.eu\/it\/wp-json\/wp\/v2\/types\/post"}],"author":[{"embeddable":true,"href":"https:\/\/apmanagement.eu\/it\/wp-json\/wp\/v2\/users\/2"}],"replies":[{"embeddable":true,"href":"https:\/\/apmanagement.eu\/it\/wp-json\/wp\/v2\/comments?post=6013"}],"version-history":[{"count":11,"href":"https:\/\/apmanagement.eu\/it\/wp-json\/wp\/v2\/posts\/6013\/revisions"}],"predecessor-version":[{"id":6048,"href":"https:\/\/apmanagement.eu\/it\/wp-json\/wp\/v2\/posts\/6013\/revisions\/6048"}],"wp:featuredmedia":[{"embeddable":true,"href":"https:\/\/apmanagement.eu\/it\/wp-json\/wp\/v2\/media\/6014"}],"wp:attachment":[{"href":"https:\/\/apmanagement.eu\/it\/wp-json\/wp\/v2\/media?parent=6013"}],"wp:term":[{"taxonomy":"category","embeddable":true,"href":"https:\/\/apmanagement.eu\/it\/wp-json\/wp\/v2\/categories?post=6013"},{"taxonomy":"post_tag","embeddable":true,"href":"https:\/\/apmanagement.eu\/it\/wp-json\/wp\/v2\/tags?post=6013"}],"curies":[{"name":"wp","href":"https:\/\/api.w.org\/{rel}","templated":true}]}}