{"id":6485,"date":"2024-05-30T12:12:50","date_gmt":"2024-05-30T10:12:50","guid":{"rendered":"https:\/\/apmanagement.eu\/it\/?p=6485"},"modified":"2024-05-30T12:15:25","modified_gmt":"2024-05-30T10:15:25","slug":"david-greilsammer-debutta-orchestra-sinfonica-nazionale-rai","status":"publish","type":"post","link":"https:\/\/apmanagement.eu\/it\/david-greilsammer-debutta-orchestra-sinfonica-nazionale-rai\/","title":{"rendered":"David Greilsammer debutta con l&#8217;Orchestra Sinfonica Nazionale della RAI"},"content":{"rendered":"<p>[et_pb_section fb_built=&#8221;1&#8243; _builder_version=&#8221;4.16&#8243; custom_padding=&#8221;4px|||||&#8221; global_colors_info=&#8221;{}&#8221;][et_pb_row _builder_version=&#8221;4.16&#8243; background_size=&#8221;initial&#8221; background_position=&#8221;top_left&#8221; background_repeat=&#8221;repeat&#8221; global_colors_info=&#8221;{}&#8221;][et_pb_column type=&#8221;4_4&#8243; _builder_version=&#8221;4.16&#8243; custom_padding=&#8221;|||&#8221; global_colors_info=&#8221;{}&#8221; custom_padding__hover=&#8221;|||&#8221;][et_pb_text _builder_version=&#8221;4.19.4&#8243; header_line_height=&#8221;2em&#8221; saved_tabs=&#8221;all&#8221; global_colors_info=&#8221;{}&#8221;]<\/p>\n<p>\u00c8 con grande gioia che annunciamo che il Maestro <strong>David Greilsammer<\/strong> diriger\u00e0 l\u2019<strong>Orchestra Sinfonica Nazionale della RAI<\/strong> per venerd\u00ec 7 giugno! <br \/>Con un programma estremamente audace il Maestro ci condurr\u00e0 attraverso un secolo di storia della musica americana:<\/p>\n<p>AMERICAN LANDSCAPES<br \/>Ives,\u00a0Three Places in New England <br \/>Grof\u00e9, Mississippi suite <br \/>* \u00a0<br \/>Copland, Appalachian Spring<br \/>Daugherty, Route 66<\/p>\n<p>Il concerto si terr\u00e0 alle ore 20.30 presso l\u2019<strong>Auditorium Rai \u201cA. Toscanini\u201d<\/strong>\u00a0di\u00a0Torino.<\/p>\n<p><img loading=\"lazy\" decoding=\"async\" class=\"aligncenter wp-image-6488 \" src=\"https:\/\/apmanagement.eu\/it\/wp-content\/uploads\/2024\/05\/WhatsApp-Image-2024-05-24-at-07.43.49-1024x1024.jpeg\" alt=\"\" width=\"715\" height=\"715\" \/><\/p>\n<p><span style=\"font-weight: 400;\"><\/span><\/p>\n<p><span style=\"font-weight: 400;\">David Greilsammer \u00e8 riconosciuto come uno dei direttori d&#8217;orchestra e pianisti pi\u00f9 audaci di oggi, David Greilsammer ha dato vita a numerosi progetti innovativi, anteprime mondiali e incontri rivoluzionari tra diverse arti e culture.<\/span><\/p>\n<p style=\"text-align: center;\"><strong>&#8220;<em>One of the most accomplished and adventurous musicians of his generation<\/em>&#8220;<\/strong><br \/><strong>The New York Times<\/strong><\/p>\n<p>Dal 2013, David Greilsammer \u00e8 direttore musicale e artistico della Camerata di Ginevra. Oltre alle sue diverse attivit\u00e0 e progetti, David Greilsammer \u00e8 diventato nel 2022 direttore principale e direttore musicale dell&#8217;Orchestra Filarmonica di Medell\u00edn, in Colombia.<\/p>\n<p>Per sapere di pi\u00f9 su David Greilsammer clicca <a href=\"https:\/\/apmanagement.eu\/it\/david-greilsammer\/\">qui<\/a>!<\/p>\n<p>[\/et_pb_text][\/et_pb_column][\/et_pb_row][et_pb_row column_structure=&#8221;1_3,1_3,1_3&#8243; _builder_version=&#8221;4.16&#8243; _module_preset=&#8221;default&#8221; global_colors_info=&#8221;{}&#8221;][et_pb_column type=&#8221;1_3&#8243; _builder_version=&#8221;4.16&#8243; _module_preset=&#8221;default&#8221; global_colors_info=&#8221;{}&#8221;][et_pb_image src=&#8221;https:\/\/apmanagement.eu\/it\/wp-content\/uploads\/2023\/08\/David-Greilsammer-382-\u00a9-Julien-Mignot&#8211;scaled.jpg&#8221; title_text=&#8221;David Greilsammer 382 \u00a9 Julien Mignot&#8221; _builder_version=&#8221;4.19.4&#8243; _module_preset=&#8221;default&#8221; global_colors_info=&#8221;{}&#8221;][\/et_pb_image][\/et_pb_column][et_pb_column type=&#8221;1_3&#8243; _builder_version=&#8221;4.16&#8243; _module_preset=&#8221;default&#8221; global_colors_info=&#8221;{}&#8221;][et_pb_image src=&#8221;https:\/\/apmanagement.eu\/it\/wp-content\/uploads\/2023\/08\/David-Greilsammer-363-\u00a9-Julien-Mignot&#8211;scaled.jpg&#8221; title_text=&#8221;David Greilsammer 363 \u00a9 Julien Mignot&#8221; _builder_version=&#8221;4.19.4&#8243; _module_preset=&#8221;default&#8221; global_colors_info=&#8221;{}&#8221;][\/et_pb_image][\/et_pb_column][et_pb_column type=&#8221;1_3&#8243; _builder_version=&#8221;4.16&#8243; _module_preset=&#8221;default&#8221; global_colors_info=&#8221;{}&#8221;][et_pb_image src=&#8221;https:\/\/apmanagement.eu\/it\/wp-content\/uploads\/2023\/08\/David-Greilsammer-68-\u00a9-Elias-Amari-scaled.jpg&#8221; title_text=&#8221;David Greilsammer 68 \u00a9 Elias Amari&#8221; _builder_version=&#8221;4.19.4&#8243; _module_preset=&#8221;default&#8221; global_colors_info=&#8221;{}&#8221;][\/et_pb_image][\/et_pb_column][\/et_pb_row][\/et_pb_section]<\/p>\n","protected":false},"excerpt":{"rendered":"<p>\u00c8 con grande gioia che annunciamo il debutto del Maestro\u00a0David Greilsammer\u00a0con l\u2019Orchestra Sinfonica Nazionale della RAI per venerd\u00ec 7 giugno! Con un programma estremamente audace&#8230;<\/p>\n","protected":false},"author":2,"featured_media":6487,"comment_status":"closed","ping_status":"closed","sticky":false,"template":"","format":"standard","meta":{"_et_pb_use_builder":"on","_et_pb_old_content":"","_et_gb_content_width":"","footnotes":""},"categories":[81],"tags":[],"class_list":["post-6485","post","type-post","status-publish","format-standard","has-post-thumbnail","hentry","category-news"],"_links":{"self":[{"href":"https:\/\/apmanagement.eu\/it\/wp-json\/wp\/v2\/posts\/6485","targetHints":{"allow":["GET"]}}],"collection":[{"href":"https:\/\/apmanagement.eu\/it\/wp-json\/wp\/v2\/posts"}],"about":[{"href":"https:\/\/apmanagement.eu\/it\/wp-json\/wp\/v2\/types\/post"}],"author":[{"embeddable":true,"href":"https:\/\/apmanagement.eu\/it\/wp-json\/wp\/v2\/users\/2"}],"replies":[{"embeddable":true,"href":"https:\/\/apmanagement.eu\/it\/wp-json\/wp\/v2\/comments?post=6485"}],"version-history":[{"count":7,"href":"https:\/\/apmanagement.eu\/it\/wp-json\/wp\/v2\/posts\/6485\/revisions"}],"predecessor-version":[{"id":6557,"href":"https:\/\/apmanagement.eu\/it\/wp-json\/wp\/v2\/posts\/6485\/revisions\/6557"}],"wp:featuredmedia":[{"embeddable":true,"href":"https:\/\/apmanagement.eu\/it\/wp-json\/wp\/v2\/media\/6487"}],"wp:attachment":[{"href":"https:\/\/apmanagement.eu\/it\/wp-json\/wp\/v2\/media?parent=6485"}],"wp:term":[{"taxonomy":"category","embeddable":true,"href":"https:\/\/apmanagement.eu\/it\/wp-json\/wp\/v2\/categories?post=6485"},{"taxonomy":"post_tag","embeddable":true,"href":"https:\/\/apmanagement.eu\/it\/wp-json\/wp\/v2\/tags?post=6485"}],"curies":[{"name":"wp","href":"https:\/\/api.w.org\/{rel}","templated":true}]}}