{"id":7288,"date":"2025-10-01T10:46:22","date_gmt":"2025-10-01T08:46:22","guid":{"rendered":"https:\/\/apmanagement.eu\/it\/?p=7288"},"modified":"2025-10-07T10:48:07","modified_gmt":"2025-10-07T08:48:07","slug":"apm-vola-in-romania-per-il-sibiu-opera-festival-2025","status":"publish","type":"post","link":"https:\/\/apmanagement.eu\/it\/apm-vola-in-romania-per-il-sibiu-opera-festival-2025\/","title":{"rendered":"APM vola in Romania per il Sibiu Opera Festival 2025"},"content":{"rendered":"<p>[et_pb_section fb_built=&#8221;1&#8243; _builder_version=&#8221;4.16&#8243; global_colors_info=&#8221;{}&#8221;][et_pb_row _builder_version=&#8221;4.16&#8243; background_size=&#8221;initial&#8221; background_position=&#8221;top_left&#8221; background_repeat=&#8221;repeat&#8221; custom_padding=&#8221;2px|||||&#8221; global_colors_info=&#8221;{}&#8221;][et_pb_column type=&#8221;4_4&#8243; _builder_version=&#8221;4.16&#8243; custom_padding=&#8221;|||&#8221; global_colors_info=&#8221;{}&#8221; custom_padding__hover=&#8221;|||&#8221;][et_pb_text _builder_version=&#8221;4.27.4&#8243; global_colors_info=&#8221;{}&#8221;]<\/p>\n<p>APM \u00e8 lieta di annunciare la sua partecipazione al Sibiu Opera Festival 2025 che si svolger\u00e0 dal 27 settembre fino all&#8217;11 ottobre a Sibiu, splendida citt\u00e0 della Romania.<\/p>\n<p>Durante queste due settimane, si terranno diversi eventi, tra cui una masterclass di canto, un concerto di gala e diverse rappresentazioni operistiche, presso il Centrul Cultural &#8220;Ion Besoiu&#8221; di Timi\u0219oara e presso la Sala Thalia della Filarmonica di Stato di Sibiu, a Sibiu.<\/p>\n<p>Da diversi mesi, APM collabora a stretto contatto con due prestigiose istituzioni italiane: il Teatro Goldoni di Livorno e il Coro dell&#8217;Opera di Parma, in collaborazione con &#8220;Fantasia in R.E.&#8221;, una casa di produzione musicale con sede a Reggio Emilia. Insieme, saremo a Sibiu per presentare tre produzioni operistiche. Inoltre, il nostro direttore d&#8217;orchestra, Georgios Balatsinos, diriger\u00e0 il Gala e un&#8217;opera! Durante il gala di apertura, il ricco programma musicale vedr\u00e0 il Maestro Balatsinos dirigere la prima mondiale di <em>&#8220;Tre Danze Greche&#8221;<\/em> del nostro nuovo arrivato in agenzia, il compositore Dimitris Papadimitriou.<\/p>\n<p>Ecco gli eventi del programma a cui abbiamo avuto l&#8217;onore di lavorare:<\/p>\n<p><strong>&#x25aa; 2 ottobre, 19:00 \u2013 GALA<\/strong><br \/>Direttore: Georgios Balatsinos<br \/>Partecipanti alla masterclass di canto<br \/>Orchestra Filarmonica di Stato di Sibiu<\/p>\n<p><strong>&#x25aa; 7 ottobre, 19:00 \u2013 P. Brook, \u201cTrag\u00e9die de Carmen<\/strong><br \/>Direttore: Alfredo Stillo<br \/>Orchestra e Coro del Teatro Goldoni, Livorno<\/p>\n<p><strong>&#x25aa; 8 ottobre, 19:00 \u2013 P. Mascagni, \u201cCavalleria Rusticana\u201d<\/strong><br \/>Direttore: Mario Menicagli<br \/>Orchestra e Coro del Teatro Goldoni, Livorno<\/p>\n<p><strong>&#x25aa; 10 ottobre, 19:00 \u2013 W.A. Mozart, \u201cDon Giovanni\u201d<\/strong><br \/>Direttore: Georgios Balatsinos<br \/>Coro Lirico di Parma e Fantasia in R.E.<br \/>Orchestra Filarmonica di Stato di Sibiu<\/p>\n<p>Ringraziamo la Filarmonica di Stato di Sibiu e il suo direttore artistico, Cristian Lupes, per aver coinvolto il nostro team in questa edizione del loro grande festival.<br \/>Rimanete sintonizzati sui nostri canali social per tutti gli ultimi aggiornamenti! &#x1f3b6;<\/p>\n<p><strong>Toi toi toi!<\/strong><\/p>\n<p>Il progetto \u00e8 cofinanziato dal Comune di Sibiu, con il supporto del Consiglio di Sibiu.<\/p>\n<p>[\/et_pb_text][\/et_pb_column][\/et_pb_row][et_pb_row _builder_version=&#8221;4.27.4&#8243; _module_preset=&#8221;default&#8221; global_colors_info=&#8221;{}&#8221;][et_pb_column type=&#8221;4_4&#8243; _builder_version=&#8221;4.27.4&#8243; _module_preset=&#8221;default&#8221; global_colors_info=&#8221;{}&#8221;][et_pb_image src=&#8221;https:\/\/apmanagement.eu\/it\/wp-content\/uploads\/2025\/10\/sibiu-opera-festival-2025.jpg&#8221; title_text=&#8221;sibiu opera festival 2025&#8243; _builder_version=&#8221;4.27.4&#8243; _module_preset=&#8221;default&#8221; global_colors_info=&#8221;{}&#8221;][\/et_pb_image][\/et_pb_column][\/et_pb_row][et_pb_row _builder_version=&#8221;4.16&#8243; global_colors_info=&#8221;{}&#8221;][et_pb_column type=&#8221;4_4&#8243; _builder_version=&#8221;4.16&#8243; global_colors_info=&#8221;{}&#8221;][et_pb_button button_url=&#8221;https:\/\/www.filarmonicasibiu.ro\/en&#8221; button_text=&#8221;FILARMONICA DI SIBIU&#8221; button_alignment=&#8221;center&#8221; _builder_version=&#8221;4.27.4&#8243; global_colors_info=&#8221;{}&#8221;][\/et_pb_button][\/et_pb_column][\/et_pb_row][et_pb_row column_structure=&#8221;1_2,1_2&#8243; _builder_version=&#8221;4.16&#8243; global_colors_info=&#8221;{}&#8221;][et_pb_column type=&#8221;1_2&#8243; _builder_version=&#8221;4.16&#8243; global_colors_info=&#8221;{}&#8221;][et_pb_button button_url=&#8221;https:\/\/apmanagement.eu\/it\/georgios-balatsinos\/&#8221; button_text=&#8221;GEORGIOS BALATSINOS&#8221; button_alignment=&#8221;center&#8221; _builder_version=&#8221;4.27.4&#8243; global_colors_info=&#8221;{}&#8221;][\/et_pb_button][\/et_pb_column][et_pb_column type=&#8221;1_2&#8243; _builder_version=&#8221;4.16&#8243; global_colors_info=&#8221;{}&#8221;][et_pb_button button_url=&#8221;https:\/\/apmanagement.eu\/it\/dimitris-papadimitriou\/&#8221; button_text=&#8221;DIMITRIS PAPADIMITRIOU&#8221; button_alignment=&#8221;center&#8221; _builder_version=&#8221;4.27.4&#8243; global_colors_info=&#8221;{}&#8221;][\/et_pb_button][\/et_pb_column][\/et_pb_row][\/et_pb_section]<\/p>\n","protected":false},"excerpt":{"rendered":"<p>APM \u00e8 lieta di annunciare la sua partecipazione al Sibiu Opera Festival 2025 che si svolger\u00e0 dal 27 settembre fino all&#8217;11 ottobre a Sibiu, splendida citt\u00e0 della Romania&#8230;<\/p>\n","protected":false},"author":2,"featured_media":7301,"comment_status":"closed","ping_status":"closed","sticky":false,"template":"","format":"standard","meta":{"_et_pb_use_builder":"on","_et_pb_old_content":"","_et_gb_content_width":"","footnotes":""},"categories":[81],"tags":[],"class_list":["post-7288","post","type-post","status-publish","format-standard","has-post-thumbnail","hentry","category-news"],"_links":{"self":[{"href":"https:\/\/apmanagement.eu\/it\/wp-json\/wp\/v2\/posts\/7288","targetHints":{"allow":["GET"]}}],"collection":[{"href":"https:\/\/apmanagement.eu\/it\/wp-json\/wp\/v2\/posts"}],"about":[{"href":"https:\/\/apmanagement.eu\/it\/wp-json\/wp\/v2\/types\/post"}],"author":[{"embeddable":true,"href":"https:\/\/apmanagement.eu\/it\/wp-json\/wp\/v2\/users\/2"}],"replies":[{"embeddable":true,"href":"https:\/\/apmanagement.eu\/it\/wp-json\/wp\/v2\/comments?post=7288"}],"version-history":[{"count":7,"href":"https:\/\/apmanagement.eu\/it\/wp-json\/wp\/v2\/posts\/7288\/revisions"}],"predecessor-version":[{"id":7300,"href":"https:\/\/apmanagement.eu\/it\/wp-json\/wp\/v2\/posts\/7288\/revisions\/7300"}],"wp:featuredmedia":[{"embeddable":true,"href":"https:\/\/apmanagement.eu\/it\/wp-json\/wp\/v2\/media\/7301"}],"wp:attachment":[{"href":"https:\/\/apmanagement.eu\/it\/wp-json\/wp\/v2\/media?parent=7288"}],"wp:term":[{"taxonomy":"category","embeddable":true,"href":"https:\/\/apmanagement.eu\/it\/wp-json\/wp\/v2\/categories?post=7288"},{"taxonomy":"post_tag","embeddable":true,"href":"https:\/\/apmanagement.eu\/it\/wp-json\/wp\/v2\/tags?post=7288"}],"curies":[{"name":"wp","href":"https:\/\/api.w.org\/{rel}","templated":true}]}}