{"id":7312,"date":"2025-10-10T12:12:42","date_gmt":"2025-10-10T10:12:42","guid":{"rendered":"https:\/\/apmanagement.eu\/it\/?p=7312"},"modified":"2025-10-10T12:17:09","modified_gmt":"2025-10-10T10:17:09","slug":"novita-dal-quartetto-karol-szymanowski","status":"publish","type":"post","link":"https:\/\/apmanagement.eu\/it\/novita-dal-quartetto-karol-szymanowski\/","title":{"rendered":"New entry per il Quartetto Karol Szymanowski"},"content":{"rendered":"<p>[et_pb_section fb_built=&#8221;1&#8243; _builder_version=&#8221;4.16&#8243; _module_preset=&#8221;default&#8221; custom_padding=&#8221;||3px|||&#8221; global_colors_info=&#8221;{}&#8221;][et_pb_row _builder_version=&#8221;4.16&#8243; _module_preset=&#8221;default&#8221; global_colors_info=&#8221;{}&#8221;][et_pb_column type=&#8221;4_4&#8243; _builder_version=&#8221;4.16&#8243; _module_preset=&#8221;default&#8221; global_colors_info=&#8221;{}&#8221;][et_pb_text _builder_version=&#8221;4.27.4&#8243; _module_preset=&#8221;default&#8221; text_orientation=&#8221;justified&#8221; global_colors_info=&#8221;{}&#8221;]<\/p>\n<p>Il Quartetto Karol Szymanowski annuncia l\u2019ingresso di <strong>Gustaw Bafeltowski<\/strong>, straordinario rappresentante della giovane generazione e da poco primo violoncello solista della Rotterdam Philharmonisch Orkest. Questo momento rappresenta un forte impulso per le attivit\u00e0 del quartetto e segna una vera e propria nuova tappa nel suo percorso artistico.<\/p>\n<p>Il cuore della prossima stagione insieme a Gustaw sar\u00e0 la prima assoluta della <strong>\u201cSinfonia dei Quattro Elementi\u201d di Guillaume Connesson<\/strong>, uno dei compositori contemporanei pi\u00f9 apprezzati. La Sinfonia, dedicata al Maestro Krzysztof Urba\u0144ski e al quartetto, \u00e8 stata commissionata congiuntamente da tre prestigiose orchestre: la Berner Sinfonieorchester, la Filarmonica Nazionale di Varsavia e l\u2019Orchestra della Svizzera italiana. La prima avr\u00e0 luogo a Berna il 27 novembre 2025, seguita dai concerti a Varsavia a dicembre e a Lugano nel marzo 2026.<\/p>\n<p>Questo progetto rappresenta il culmine delle celebrazioni per il 30\u00b0 anniversario del Quartetto Karol Szymanowski!<\/p>\n<p>[\/et_pb_text][\/et_pb_column][\/et_pb_row][et_pb_row column_structure=&#8221;1_2,1_2&#8243; _builder_version=&#8221;4.27.4&#8243; _module_preset=&#8221;default&#8221; global_colors_info=&#8221;{}&#8221;][et_pb_column type=&#8221;1_2&#8243; _builder_version=&#8221;4.27.4&#8243; _module_preset=&#8221;default&#8221; global_colors_info=&#8221;{}&#8221;][et_pb_image src=&#8221;https:\/\/apmanagement.eu\/it\/wp-content\/uploads\/2025\/10\/00012_Quartet_07_05_2025_fot_Justyna_Radzyminska-scaled.jpg&#8221; title_text=&#8221;00012_Szymanowski_Quartet_07_05_2025_fot_Justyna_Radzyminska&#8221; _builder_version=&#8221;4.27.4&#8243; _module_preset=&#8221;default&#8221; global_colors_info=&#8221;{}&#8221;][\/et_pb_image][\/et_pb_column][et_pb_column type=&#8221;1_2&#8243; _builder_version=&#8221;4.27.4&#8243; _module_preset=&#8221;default&#8221; global_colors_info=&#8221;{}&#8221;][et_pb_image src=&#8221;https:\/\/apmanagement.eu\/it\/wp-content\/uploads\/2025\/10\/00011_Quartet_07_05_2025_fot_Justyna_Radzyminska-scaled.jpg&#8221; title_text=&#8221;00011_Szymanowski_Quartet_07_05_2025_fot_Justyna_Radzyminska&#8221; _builder_version=&#8221;4.27.4&#8243; _module_preset=&#8221;default&#8221; global_colors_info=&#8221;{}&#8221;][\/et_pb_image][\/et_pb_column][\/et_pb_row][et_pb_row _builder_version=&#8221;4.27.4&#8243; _module_preset=&#8221;default&#8221; global_colors_info=&#8221;{}&#8221;][et_pb_column type=&#8221;4_4&#8243; _builder_version=&#8221;4.27.4&#8243; _module_preset=&#8221;default&#8221; global_colors_info=&#8221;{}&#8221;][et_pb_button button_url=&#8221;https:\/\/apmanagement.eu\/it\/quartetto-karol-szymanowski\/&#8221; button_text=&#8221;Scopri di pi\u00f9 sul Quartetto&#8221; button_alignment=&#8221;center&#8221; _builder_version=&#8221;4.27.4&#8243; _module_preset=&#8221;default&#8221; global_colors_info=&#8221;{}&#8221;][\/et_pb_button][\/et_pb_column][\/et_pb_row][\/et_pb_section]<\/p>\n","protected":false},"excerpt":{"rendered":"<p>Il Quartetto Karol Szymanowski annuncia l\u2019ingresso di Gustaw Bafeltowski, straordinario rappresentante della giovane generazione e da poco primo violoncello solista della Rotterdam&#8230;<\/p>\n","protected":false},"author":2,"featured_media":7304,"comment_status":"closed","ping_status":"closed","sticky":false,"template":"","format":"standard","meta":{"_et_pb_use_builder":"on","_et_pb_old_content":"","_et_gb_content_width":"","footnotes":""},"categories":[81],"tags":[],"class_list":["post-7312","post","type-post","status-publish","format-standard","has-post-thumbnail","hentry","category-news"],"_links":{"self":[{"href":"https:\/\/apmanagement.eu\/it\/wp-json\/wp\/v2\/posts\/7312","targetHints":{"allow":["GET"]}}],"collection":[{"href":"https:\/\/apmanagement.eu\/it\/wp-json\/wp\/v2\/posts"}],"about":[{"href":"https:\/\/apmanagement.eu\/it\/wp-json\/wp\/v2\/types\/post"}],"author":[{"embeddable":true,"href":"https:\/\/apmanagement.eu\/it\/wp-json\/wp\/v2\/users\/2"}],"replies":[{"embeddable":true,"href":"https:\/\/apmanagement.eu\/it\/wp-json\/wp\/v2\/comments?post=7312"}],"version-history":[{"count":9,"href":"https:\/\/apmanagement.eu\/it\/wp-json\/wp\/v2\/posts\/7312\/revisions"}],"predecessor-version":[{"id":7325,"href":"https:\/\/apmanagement.eu\/it\/wp-json\/wp\/v2\/posts\/7312\/revisions\/7325"}],"wp:featuredmedia":[{"embeddable":true,"href":"https:\/\/apmanagement.eu\/it\/wp-json\/wp\/v2\/media\/7304"}],"wp:attachment":[{"href":"https:\/\/apmanagement.eu\/it\/wp-json\/wp\/v2\/media?parent=7312"}],"wp:term":[{"taxonomy":"category","embeddable":true,"href":"https:\/\/apmanagement.eu\/it\/wp-json\/wp\/v2\/categories?post=7312"},{"taxonomy":"post_tag","embeddable":true,"href":"https:\/\/apmanagement.eu\/it\/wp-json\/wp\/v2\/tags?post=7312"}],"curies":[{"name":"wp","href":"https:\/\/api.w.org\/{rel}","templated":true}]}}