{"id":864,"date":"2018-10-16T22:58:33","date_gmt":"2018-10-16T20:58:33","guid":{"rendered":"http:\/\/apmanagement.eu\/it\/?p=864"},"modified":"2019-06-24T14:33:57","modified_gmt":"2019-06-24T12:33:57","slug":"villa-lobos-the-guitar-manuscripts-2","status":"publish","type":"post","link":"https:\/\/apmanagement.eu\/it\/villa-lobos-the-guitar-manuscripts-2\/","title":{"rendered":"VILLA-LOBOS: THE GUITAR MANUSCRIPTS 2"},"content":{"rendered":"<p>[et_pb_section fb_built=&#8221;1&#8243; _builder_version=&#8221;3.22.3&#8243;][et_pb_row _builder_version=&#8221;3.22.3&#8243; background_size=&#8221;initial&#8221; background_position=&#8221;top_left&#8221; background_repeat=&#8221;repeat&#8221;][et_pb_column type=&#8221;1_2&#8243; _builder_version=&#8221;3.0.47&#8243;][et_pb_gallery gallery_ids=&#8221;863,865&#8243; fullwidth=&#8221;on&#8221; _builder_version=&#8221;3.17&#8243; box_shadow_style=&#8221;preset4&#8243; box_shadow_horizontal=&#8221;6px&#8221; box_shadow_vertical=&#8221;5px&#8221; animation_style=&#8221;flip&#8221; auto=&#8221;on&#8221; auto_speed=&#8221;5000&#8243; saved_tabs=&#8221;all&#8221;][\/et_pb_gallery][\/et_pb_column][et_pb_column type=&#8221;1_2&#8243; _builder_version=&#8221;3.0.47&#8243;][et_pb_text _builder_version=&#8221;3.22.7&#8243; saved_tabs=&#8221;all&#8221;]<\/p>\n<h3>VILLA-LOBOS: THE GUITAR MANUSCRIPTS 2<\/h3>\n<p>&nbsp;<\/p>\n<h4><em>Andrea Bissoli, Gabriella Pace, Ensemble Musag\u00e8te, Minas Gerais Philhramonic Orchestra, Fabio Mechetti<\/em><\/h4>\n<p>&nbsp;<\/p>\n<p><strong>Heitor Villa-Lobos<\/strong><\/p>\n<p>Dime perch\u00e9<\/p>\n<p>Valsa Concerto No.2<\/p>\n<p>Sexteto m\u00edstico<\/p>\n<p>Introdu\u00e7\u00e3o aos Choros<\/p>\n<p>Choros No. 1<\/p>\n<p>Choros No. 6<\/p>\n<p>Can\u00e7\u00e3o do Amor<\/p>\n<p>&nbsp;<\/p>\n<p><strong>Naxos, Giugno 2014<\/strong><\/p>\n<p>[\/et_pb_text][\/et_pb_column][\/et_pb_row][\/et_pb_section]<\/p>\n","protected":false},"excerpt":{"rendered":"<p>VILLA-LOBOS: THE GUITAR MANUSCRIPTS 2 &nbsp; Andrea Bissoli, Gabriella Pace, Ensemble Musag\u00e8te, Minas Gerais Philhramonic Orchestra, Fabio Mechetti &nbsp; Heitor Villa-Lobos Dime perch\u00e9 Valsa Concerto No.2 Sexteto m\u00edstico Introdu\u00e7\u00e3o aos Choros Choros No. 1 Choros No. 6 Can\u00e7\u00e3o do Amor &nbsp; Naxos, Giugno 2014<\/p>\n","protected":false},"author":1,"featured_media":863,"comment_status":"closed","ping_status":"closed","sticky":false,"template":"","format":"standard","meta":{"_et_pb_use_builder":"on","_et_pb_old_content":"","_et_gb_content_width":"","footnotes":""},"categories":[22],"tags":[],"class_list":["post-864","post","type-post","status-publish","format-standard","has-post-thumbnail","hentry","category-recordings"],"_links":{"self":[{"href":"https:\/\/apmanagement.eu\/it\/wp-json\/wp\/v2\/posts\/864","targetHints":{"allow":["GET"]}}],"collection":[{"href":"https:\/\/apmanagement.eu\/it\/wp-json\/wp\/v2\/posts"}],"about":[{"href":"https:\/\/apmanagement.eu\/it\/wp-json\/wp\/v2\/types\/post"}],"author":[{"embeddable":true,"href":"https:\/\/apmanagement.eu\/it\/wp-json\/wp\/v2\/users\/1"}],"replies":[{"embeddable":true,"href":"https:\/\/apmanagement.eu\/it\/wp-json\/wp\/v2\/comments?post=864"}],"version-history":[{"count":2,"href":"https:\/\/apmanagement.eu\/it\/wp-json\/wp\/v2\/posts\/864\/revisions"}],"predecessor-version":[{"id":2206,"href":"https:\/\/apmanagement.eu\/it\/wp-json\/wp\/v2\/posts\/864\/revisions\/2206"}],"wp:featuredmedia":[{"embeddable":true,"href":"https:\/\/apmanagement.eu\/it\/wp-json\/wp\/v2\/media\/863"}],"wp:attachment":[{"href":"https:\/\/apmanagement.eu\/it\/wp-json\/wp\/v2\/media?parent=864"}],"wp:term":[{"taxonomy":"category","embeddable":true,"href":"https:\/\/apmanagement.eu\/it\/wp-json\/wp\/v2\/categories?post=864"},{"taxonomy":"post_tag","embeddable":true,"href":"https:\/\/apmanagement.eu\/it\/wp-json\/wp\/v2\/tags?post=864"}],"curies":[{"name":"wp","href":"https:\/\/api.w.org\/{rel}","templated":true}]}}